{"id":23085,"date":"2020-02-20T08:39:57","date_gmt":"2020-02-20T07:39:57","guid":{"rendered":"https:\/\/www.esteri.it\/sala_stampa\/archivionotizie\/comunicati\/2020\/02\/sereni-imprese-nelle-colonie-no-italiano-alla-lista-onu-il-manifesto\/"},"modified":"2020-02-20T08:39:57","modified_gmt":"2020-02-20T07:39:57","slug":"sereni-imprese-nelle-colonie-no-italiano-alla-lista-onu-il-manifesto","status":"publish","type":"post","link":"https:\/\/www.esteri.it\/it\/sala_stampa\/archivionotizie\/interviste\/2020\/02\/sereni-imprese-nelle-colonie-no-italiano-alla-lista-onu-il-manifesto\/","title":{"rendered":"Sereni: \u00abImprese nelle colonie, no italiano alla lista Onu\u00bb (Il Manifesto)"},"content":{"rendered":"<p><strong>Marina Sereni<\/strong><strong>, vice ministra\u00a0degli esteri, l&#8217;Ue dovr\u00e0 replicare al Piano Trump. Forse non basta pi\u00f9 ribadire appoggio alla soluzione a Due Stati.<\/strong><\/p>\n<p>Il Piano Trump ha avuto il pregio di rimettere il tema del processo di pace in Medio Oriente all&#8217;ordine del giorno, dopo uno stallo lunghissimo. Tuttavia i tempi e le modalit\u00e0 della sua presentazione hanno suscitato interrogativi e provocato reazioni non positive non solo tra i palestinesi. L&#8217;Europa fa bene a voler approfondirne i contenuti e a ribadire i suoi punti fermi: ripartire dalle risoluzioni Onu e dal principio \u2014 che lo stesso Piano cita \u2014 di Due Stati. Ma non possiamo fermarci qui: la situazione in questi anni \u00e8 molto peggiorata, gli insediamenti in Cisgiordania sono aumentati, a Gaza siamo di fronte a una emergenza umanitaria, Israele continua a essere oggetto di attacchi e la sfiducia tra le parti \u00e8 enorme. Per questo credo sia necessario che l&#8217;Ue, pi\u00f9 che scrivere un piano alternativo, si spenda per ch\u00e9 si creino le condizioni per un nuovo negoziato diretto tra palestinesi e israeliani. Nessuna pace \u00e8 possibile senza un accordo che riconosca i diritti di entrambi i popoli ad avere uno Stato e a vivere in sicurezza. E il nodo di Gerusalemme \u00e8 troppo delicato e complesso per essere affrontato in maniera unilaterale.<\/p>\n<p><strong>Il Lussemburgo vuole il riconoscimento immediato dello Stato di Palestina. L&#8217;Italia sostiene questa proposta?<\/strong><\/p>\n<p>L&#8217;Italia non \u00e8 mai stata contraria a questa iniziativa in s\u00e9. Abbiamo sempre ritenuto che questo passo dovesse essere finalizzato a favorire il processo di pace. Mi sembra opportuno che a livello Ue si ragioni insieme su questo. Cos\u00ec come credo che l&#8217;Europa debba sostenere il processo di riconciliazione tra i palestinesi e favorire lo svolgimento di nuove elezioni cui possano partecipare i cittadini palestinesi di Cisgiordania, Gaza e Gerusalemme est.<\/p>\n<p><strong>L&#8217;Onu ha pubblicato una lista di aziende che operano negli insediamenti coloniali israeliani. L&#8217;Italia \u00e8 d&#8217;accordo?<\/strong><\/p>\n<p>Abbiamo preso nota della pubblicazione del database delle imprese operanti negli insediamenti israeliani in Cisgiordania ma, in linea con i partner Ue, esprimendo contrariet\u00e0 a tale pubblicazione che comporterebbe danni commerciali e reputazionali a quelle imprese che operano in un quadro giuridico di legalit\u00e0 e che verrebbero esposte a un name&#038;shame. Il database poi rischia di essere controproducente anche per i palestinesi, molti dei quali lavorano nelle imprese listate.<\/p>\n","protected":false},"excerpt":{"rendered":"Marina Sereni, vice ministra\u00a0degli esteri, l&#8217;Ue dovr\u00e0 replicare al Piano Trump. Forse non basta pi\u00f9 ribadire appoggio alla soluzione a Due Stati. Il Piano Trump ha avuto il pregio di rimettere il tema del processo di pace in Medio Oriente all&#8217;ordine del giorno, dopo uno stallo lunghissimo. Tuttavia i tempi e le modalit\u00e0 della sua [&hellip;]","protected":false},"author":1,"featured_media":0,"comment_status":"","ping_status":"","sticky":false,"template":"","format":"standard","meta":{"footnotes":""},"categories":[23],"tags":[399],"class_list":["post-23085","post","type-post","status-publish","format-standard","hentry","category-interviste","tag-vice-ministri-e-sottosegretari-precedenti"],"_links":{"self":[{"href":"https:\/\/www.esteri.it\/it\/wp-json\/wp\/v2\/posts\/23085","targetHints":{"allow":["GET"]}}],"collection":[{"href":"https:\/\/www.esteri.it\/it\/wp-json\/wp\/v2\/posts"}],"about":[{"href":"https:\/\/www.esteri.it\/it\/wp-json\/wp\/v2\/types\/post"}],"author":[{"embeddable":true,"href":"https:\/\/www.esteri.it\/it\/wp-json\/wp\/v2\/users\/1"}],"replies":[{"embeddable":true,"href":"https:\/\/www.esteri.it\/it\/wp-json\/wp\/v2\/comments?post=23085"}],"version-history":[{"count":0,"href":"https:\/\/www.esteri.it\/it\/wp-json\/wp\/v2\/posts\/23085\/revisions"}],"wp:attachment":[{"href":"https:\/\/www.esteri.it\/it\/wp-json\/wp\/v2\/media?parent=23085"}],"wp:term":[{"taxonomy":"category","embeddable":true,"href":"https:\/\/www.esteri.it\/it\/wp-json\/wp\/v2\/categories?post=23085"},{"taxonomy":"post_tag","embeddable":true,"href":"https:\/\/www.esteri.it\/it\/wp-json\/wp\/v2\/tags?post=23085"}],"curies":[{"name":"wp","href":"https:\/\/api.w.org\/{rel}","templated":true}]}}