{"id":23127,"date":"2019-11-05T11:13:26","date_gmt":"2019-11-05T10:13:26","guid":{"rendered":"https:\/\/www.esteri.it\/sala_stampa\/archivionotizie\/comunicati\/2019\/11\/scalfarotto-l-intervento-una-strategia-per-aumentare-il-peso-delle-esportazioni-il-sole-24-ore\/"},"modified":"2019-11-05T11:13:26","modified_gmt":"2019-11-05T10:13:26","slug":"scalfarotto-l-intervento-una-strategia-per-aumentare-il-peso-delle-esportazioni-il-sole-24-ore","status":"publish","type":"post","link":"https:\/\/www.esteri.it\/it\/sala_stampa\/archivionotizie\/interviste\/2019\/11\/scalfarotto-l-intervento-una-strategia-per-aumentare-il-peso-delle-esportazioni-il-sole-24-ore\/","title":{"rendered":"Scalfarotto: \u201cL&#8217;intervento una strategia per aumentare il peso delle esportazioni\u201d (Il Sole 24 Ore)"},"content":{"rendered":"<p>I grandi mutamenti che a livello globale stanno interessando il commercio internazionale da un lato e le opportunit\u00e0 e sfide che emergono per il nostro Paese a seguito del passaggio delle competenze dal Mise alla Farnesina dall&#8217;altro, mi inducono ad alcune riflessioni.<\/p>\n<p>Negli anni in cui dal Mise ho avuto l&#8217;onore di lavorare con le imprese e con tutte le componenti del &#8220;Sistema Italia&#8221;, ho potuto toccare con mano l&#8217;importanza che il tema del commercio estero riveste per la nostra vita. Da esso derivano le possibilit\u00e0 di scelta che abbiamo ogni giorno quando ci sediamo a tavola, ci vestiamo o facciamo un acquisto: comprare da uno scaffale o da un computer pu\u00f2 sembrare un&#8217;opzione banale ma in realt\u00e0 \u00e8 una scelta dietro la quale si celano temi essenziali come la tutela dei lavoratori, dell&#8217;ambiente e della salute. ll commercio internazionale \u00e8 inoltre per noi una componente essenziale dell&#8217;interesse nazionale. Nonostante la stagnazione economica, infatti, l&#8217;export ha fornito l&#8217;unico apporto positivo alla crescita negli ultimi 8 anni: senza il contributo delle esportazioni, il Pil italiano sarebbe oggi inferiore di quasi 7 punti percentuali rispetto al 2010. Nel 2018 l&#8217;export inoltre, nonostante le criticit\u00e0 congiunturali e le incertezze geopolitiche, \u00e8 cresciuto in valore del 3,4% arrivando a rappresentare il 32% del Pil e contribuendo a un saldo positivo della bilancia commerciale di 44 miliardi di euro, pari al 2,25% del medesimo Pil. Non a caso l&#8217;Italia \u00e8 il nono esportatore mondiale di prodotti e il sesto per surplus commerciale.<\/p>\n<p>In prospettiva, dopo un 2018 positivo in cui le nostre esportazioni hanno registrato segnali di crescita quasi ovunque (fa eccezione in particolare la Cina dove purtroppo, nonostante gli sforzi del governo precedente, siamo passati da un +22% di export nel 2017 a un -2% nel 2018), una serie di sfide e di possibili rischi si stagliano all&#8217;orizzonte: dal rallentamento della crescita tedesca e cinese alla Brexit, dalle tensioni protezionistiche alla situazione di difficolt\u00e0 dei fora multilaterali come l&#8217;Omc, dal perdurare di focolai di instabilit\u00e0 in Medio Oriente e Nord Africa alle tensioni su mercati come quelli dell&#8217;America Latina. Si tratta di situazioni potenzialmente in grado di mettere a rischio il livello di interscambio e di conseguenza la crescita globale.<\/p>\n<p>Veniamo ora agli obiettivi che siamo chiamati a porci e soprattutto, agli strumenti che potrebbero aiutarci a conseguirli.<\/p>\n<p>Per ci\u00f2 che riguarda i primi, io credo che dovremmo cominciare a misurare i nostri risultati attraverso 5 &#8220;Key Performance Indicators&#8221;: 1) aumentare la quota di mercato dell&#8217;export italiano a livello mondiale, passando dall&#8217;attuale 2,7 al 3% ; 2) accrescere il peso dell&#8217;export sul Pil fino al 37% (attualmente intorno al 33%); 3) aumentare la quota dell&#8217;export verso l&#8217;area extra-Ue in grado di assicurare maggiori margini di crescita; 4) invertire il trend negativo degli ultimi anni e raggiungere il numero di 138mila imprese esportatrici (+12 mila rispetto alle 126 mila attuali), anche attraverso un maggior dinamismo delle aziende del Mezzogiorno; 5) elevare il valore medio delle esportazioni a 4,5 milioni (rispetto ai 3,3 attuali).<\/p>\n<p>In tale contesto il Governo \u00e8 chiamato a muoversi sia su un piano &#8220;difensivo&#8221; che &#8220;offensivo&#8221;. La fase pi\u00f9 &#8220;difensiva&#8221; a tutela delle nostre produzioni, dei nostri marchi, delle Indicazioni Geografiche e della propriet\u00e0 intellettuale, deve essere giocata sui vari tavoli multilaterali in cui \u00e8 in ballo il nostro interesse nazionale ed in primis nell&#8217;Ue e nell&#8217;Omc. Il Governo deve presidiare questi tavoli con continuit\u00e0, competenza e senza pregiudizi ideologici. Pur consapevoli delle complessit\u00e0 della globalizzazione e degli interventi cui siamo chiamati sia per sostenere i cittadini e le imprese pi\u00f9 vulnerabili che per evitare rischi di dumping sociale e ambientale, resta innegabile come l&#8217;interesse nazionale di un Paese con una struttura produttiva come l&#8217;Italia, sia strettamente legato all&#8217;apertura dei mercati e agli scambi commerciali. Di questo dovremmo ricordarci anche in sede di ratifica degli accordi commerciali stipulati dall&#8217;Unione europea, soprattutto quando dimostrano di essere strumenti di espansione delle nostre esportazioni e di garanzia per la tutela delle nostre produzioni.<\/p>\n<p>Parallelamente, siamo chiamati a sviluppare la nostra azione &#8220;offensiva&#8221;, come abbiamo fatto a partire dal 2015 con la creazione di un &#8220;Piano Straordinario per la Promozione del Made in Italy&#8221; sui mercati emergenti e a maggior tasso di crescita. \u00c8 fondamentale a tal proposito che la legge di bilancio assicuri un rifinanziamento del piano almeno all&#8217;altezza degli anni precedenti rendendolo in prospettiva uno strumento di promozione non pi\u00f9 straordinario ma strutturale. Allo stesso tempo dobbiamo assicurare all&#8217;Ice la possibilit\u00e0 di poter tornare ad assumere personale garantendo il fisiologico rinnovamento degli organici, messo a rischio da un pluriennale blocco del turn-over.<\/p>\n<p>In generale il settore delle esportazioni ha un bisogno crescente di professionalit\u00e0 ed \u00e8 in grado di offrire ai nostri giovani posti di lavoro qualificati e numerosi. L&#8217;esperienza del Temporary Export Manager sviluppata al Mise negli ultimi anni \u00e8 una valida base di partenza sulla quale \u00e8 opportuno costruire strutturati percorsi di istruzione superiore, anche di tipo duale con alternanza tra studio e lavoro come avviene in Germania.<\/p>\n<p>Penso inoltre che debbano essere defiscalizzate le attivit\u00e0 di sviluppo di know how specifico su export, sul modello dell&#8217;esperienza di &#8220;Impresa 4.0&#8221;, ivi compresi gli investimenti in formazione. Analogamente, allo scopo di promuovere la presenza sui mercati esteri delle imprese meno sviluppate internazionalmente, dovremmo sin da subito considerare, per le aziende che acquisiscono lo status di esportatore abituale, un meccanismo di deducibilit\u00e0 automatica del 50% del fatturato estero incrementale rispetto a quello degli anni precedenti.<\/p>\n<p>Il commercio internazionale \u00e8 insomma una materia al cuore dei nostri interessi, strategica per le nostre famiglie e per le nostre imprese e alla quale il Governo &#8211; in forza di una strategia unitaria e coerente, che sia all&#8217;altezza dell&#8217;indiscutibile autorevolezza del nostro Paese sui mercati internazionali &#8211; dovr\u00e0 assicurare la massima attenzione.<\/p>\n","protected":false},"excerpt":{"rendered":"I grandi mutamenti che a livello globale stanno interessando il commercio internazionale da un lato e le opportunit\u00e0 e sfide che emergono per il nostro Paese a seguito del passaggio delle competenze dal Mise alla Farnesina dall&#8217;altro, mi inducono ad alcune riflessioni. Negli anni in cui dal Mise ho avuto l&#8217;onore di lavorare con le [&hellip;]","protected":false},"author":1,"featured_media":0,"comment_status":"","ping_status":"","sticky":false,"template":"","format":"standard","meta":{"footnotes":""},"categories":[23],"tags":[399],"class_list":["post-23127","post","type-post","status-publish","format-standard","hentry","category-interviste","tag-vice-ministri-e-sottosegretari-precedenti"],"_links":{"self":[{"href":"https:\/\/www.esteri.it\/it\/wp-json\/wp\/v2\/posts\/23127","targetHints":{"allow":["GET"]}}],"collection":[{"href":"https:\/\/www.esteri.it\/it\/wp-json\/wp\/v2\/posts"}],"about":[{"href":"https:\/\/www.esteri.it\/it\/wp-json\/wp\/v2\/types\/post"}],"author":[{"embeddable":true,"href":"https:\/\/www.esteri.it\/it\/wp-json\/wp\/v2\/users\/1"}],"replies":[{"embeddable":true,"href":"https:\/\/www.esteri.it\/it\/wp-json\/wp\/v2\/comments?post=23127"}],"version-history":[{"count":0,"href":"https:\/\/www.esteri.it\/it\/wp-json\/wp\/v2\/posts\/23127\/revisions"}],"wp:attachment":[{"href":"https:\/\/www.esteri.it\/it\/wp-json\/wp\/v2\/media?parent=23127"}],"wp:term":[{"taxonomy":"category","embeddable":true,"href":"https:\/\/www.esteri.it\/it\/wp-json\/wp\/v2\/categories?post=23127"},{"taxonomy":"post_tag","embeddable":true,"href":"https:\/\/www.esteri.it\/it\/wp-json\/wp\/v2\/tags?post=23127"}],"curies":[{"name":"wp","href":"https:\/\/api.w.org\/{rel}","templated":true}]}}