{"id":23129,"date":"2019-11-04T13:01:40","date_gmt":"2019-11-04T12:01:40","guid":{"rendered":"https:\/\/www.esteri.it\/sala_stampa\/archivionotizie\/comunicati\/2019\/11\/sereni-serraj-deve-sapere-che-ora-quei-campi-vanno-svuotati-la-repubblica\/"},"modified":"2019-11-04T13:01:40","modified_gmt":"2019-11-04T12:01:40","slug":"sereni-serraj-deve-sapere-che-ora-quei-campi-vanno-svuotati-la-repubblica","status":"publish","type":"post","link":"https:\/\/www.esteri.it\/it\/sala_stampa\/archivionotizie\/interviste\/2019\/11\/sereni-serraj-deve-sapere-che-ora-quei-campi-vanno-svuotati-la-repubblica\/","title":{"rendered":"Sereni: &#8220;Serraj deve sapere che ora quei campi vanno svuotati&#8221; (la Repubblica)"},"content":{"rendered":"<\/p>\n<p><strong>ROMA Marina Sereni, viceministra degli Esteri, perch\u00e9 il governo italiano ha rinnovato il Memorandum con Tripoli per contrastare i flussi migratori? <\/strong>\n<\/p>\n<p>\u00abIl governo aveva due possibilit\u00e0: il tacito rinnovo o stracciare l&#8217;accordo. Abbiamo scelto la strada pi\u00f9 pragmatica, di aprire cio\u00e8 un confronto con i nostri interlocutori libici per modificare sensibilmente questa intesa. L&#8217;accordo di tre anni fa non va pi\u00f9 bene perch\u00e9 in Libia c&#8217;\u00e8 una guerra civile che rende rischiosi i centri per i migranti, alcuni anche bombardati. Molte organizzazioni, tra cui l\u2019Unhcr ci dicono che le condizioni di vita dei migranti sono indegne di esseri umani\u00bb.<\/p>\n<p><strong>Quindi come si sta muovendo il ministero degli Esteri? <\/strong>\n<\/p>\n<p>\u00abAbbiamo inviato una nota a verbale scritta dal nostro ministero alle autorit\u00e0 libiche venerd\u00ec, in cui ai sensi dell&#8217;articolo 3 del Memorandum chiediamo di riunire la commissione congiunta italo-libica per le modifiche come prevede l&#8217;articolo 7. \u00c8 una strada che forse non accontenta chi invita a stracciare tutto, ma \u00e8 pi\u00f9 utile e concreta anche peri migranti in Libia\u00bb.<\/p>\n<p><strong>E a quali modifiche dovrebbe portare? <\/strong>\n<\/p>\n<p>\u00abPuntiamo allo svuotamento dei campi attualmente sotto l&#8217;autorit\u00e0 libica, che ospitano 4.500\/5.000 profughi. Una parte ha diritto alla protezione umanitaria, ma non tutti. Con Unhcr siamo riusciti in una evacuazione da incrementare per tutti coloro che hanno diritto ad essere riconosciuti come rifugiati. Per gli altri con l&#8217;Organizzazione per le migrazioni bisogna procedere a rimpatri assistiti con un budget e un progetto di sviluppo. Dobbiamo poter fare di pi\u00f9\u00bb.<\/p>\n<p><strong>Serraj ha detto di si alle modifiche? <\/strong>\n<\/p>\n<p>\u00abIl portavoce di Serraj dice di essere disposto a sedersi al tavolo. Le modifiche ancora non ci sono, ma la disponibilit\u00e0 a trattare s\u00ec\u00bb.<\/p>\n<p><strong>Tuttavia l&#8217;Italia continua a equipaggiare e finanziare la guardia costiera di Tripoli per riportare nei centri libici i migranti. <\/strong>\n<\/p>\n<p>\u00abSulla guardia costiera libica, peraltro formata dalle nostre forze, e sul suo ruolo dobbiamo confrontarci. Ci sono comportamenti non consoni all&#8217;accordo\u00bb.<\/p>\n<p><strong>Bija, il guardacoste accusato di complicit\u00e0 con i trafficanti di uomini, che fu in delegazione in Italia per parlare di migranti, \u00e8 stato confermato a capo della Guardia costiera libica. Non la preoccupa? <\/strong>\n<\/p>\n<p>\u00abBisogner\u00e0 fare assoluta chiarezza sul ruolo di questa persona perch\u00e9 il ministro dell&#8217;Interno libico dice esserci un mandato di cattura mentre l&#8217;altra notizia \u00e8 che sia stato riconfermato. Non possono essere veritiere entrambe le questioni\u00bb.<\/p>\n<p><strong>Lei ha detto: la crisi libica \u00e8 molto pi\u00f9 del problema migratorio: cosa dovrebbe fare l&#8217;Italia? <\/strong>\n<\/p>\n<p>\u00abLa crisi in Libia \u00e8 interna e internazionale. Non ci sar\u00e0 soluzione sui migranti finch\u00e9 non ci sar\u00e0 una soluzione in termini di pacificazione e stabilizzazione della Libia\u00bb.<\/p>\n<p><strong>Ma la posizione del Pd sull&#8217;immigrazione non \u00e8 schiacciata sui 5Stelle? <\/strong>\n<\/p>\n<p>\u00abSe si \u00e8 aperta la strada delle modifiche \u00e8 stato per la presa di posizione del Pd che il ministro Di Maio ha fatto sua. Non voglio invadere il terreno di altri, ma ora ci sono da rivedere i decreti sicurezza e la legge Bossi-Fini.<\/p>\n","protected":false},"excerpt":{"rendered":"ROMA Marina Sereni, viceministra degli Esteri, perch\u00e9 il governo italiano ha rinnovato il Memorandum con Tripoli per contrastare i flussi migratori? \u00abIl governo aveva due possibilit\u00e0: il tacito rinnovo o stracciare l&#8217;accordo. Abbiamo scelto la strada pi\u00f9 pragmatica, di aprire cio\u00e8 un confronto con i nostri interlocutori libici per modificare sensibilmente questa intesa. L&#8217;accordo di [&hellip;]","protected":false},"author":1,"featured_media":0,"comment_status":"","ping_status":"","sticky":false,"template":"","format":"standard","meta":{"footnotes":""},"categories":[23],"tags":[399],"class_list":["post-23129","post","type-post","status-publish","format-standard","hentry","category-interviste","tag-vice-ministri-e-sottosegretari-precedenti"],"_links":{"self":[{"href":"https:\/\/www.esteri.it\/it\/wp-json\/wp\/v2\/posts\/23129","targetHints":{"allow":["GET"]}}],"collection":[{"href":"https:\/\/www.esteri.it\/it\/wp-json\/wp\/v2\/posts"}],"about":[{"href":"https:\/\/www.esteri.it\/it\/wp-json\/wp\/v2\/types\/post"}],"author":[{"embeddable":true,"href":"https:\/\/www.esteri.it\/it\/wp-json\/wp\/v2\/users\/1"}],"replies":[{"embeddable":true,"href":"https:\/\/www.esteri.it\/it\/wp-json\/wp\/v2\/comments?post=23129"}],"version-history":[{"count":0,"href":"https:\/\/www.esteri.it\/it\/wp-json\/wp\/v2\/posts\/23129\/revisions"}],"wp:attachment":[{"href":"https:\/\/www.esteri.it\/it\/wp-json\/wp\/v2\/media?parent=23129"}],"wp:term":[{"taxonomy":"category","embeddable":true,"href":"https:\/\/www.esteri.it\/it\/wp-json\/wp\/v2\/categories?post=23129"},{"taxonomy":"post_tag","embeddable":true,"href":"https:\/\/www.esteri.it\/it\/wp-json\/wp\/v2\/tags?post=23129"}],"curies":[{"name":"wp","href":"https:\/\/api.w.org\/{rel}","templated":true}]}}