{"id":23130,"date":"2019-10-28T12:46:31","date_gmt":"2019-10-28T11:46:31","guid":{"rendered":"https:\/\/www.esteri.it\/sala_stampa\/archivionotizie\/comunicati\/2019\/10\/del-re-libia-chiudiamo-i-lager-avvenire\/"},"modified":"2019-10-28T12:46:31","modified_gmt":"2019-10-28T11:46:31","slug":"del-re-libia-chiudiamo-i-lager-avvenire","status":"publish","type":"post","link":"https:\/\/www.esteri.it\/it\/sala_stampa\/archivionotizie\/interviste\/2019\/10\/del-re-libia-chiudiamo-i-lager-avvenire\/","title":{"rendered":"Del Re: \u00abLibia, chiudiamo i lager\u00bb (Avvenire)"},"content":{"rendered":"<p>A una settimana dalla scadenza del termine per il rinnovo del memorandum d&#8217;intesa con la Libia, si moltiplicano nella maggioranza dubbi e prese di posizione. Il presidente del Consiglio Giuseppe Conte, che sta riesaminando l&#8217;accordo, ha espresso perplessit\u00e0 per la questione delle condizioni dei migranti nei centri di detenzione, pi\u00f9 volte denunciata da rapporti dell&#8217;Onu e da inchieste anche di questo giornale. Gli hanno fatto eco diversi ministri ed esponenti del Pd e di M5s. Pesa come un macigno sul rinnovo la questione della Guardia costiera libica, che come ampiamente dimostrato \u00e8 in realt\u00e0 una milizia attiva nel traffico di esseri umani e in ogni caso riporta i migranti dai barconi alle galere disumane note per abusi di ogni tipo. Lo stesso caso Bija, sollevato dall&#8217;inchiesta di Nello Scavo su Avvenire, ha svelato la presenza imbarazzante del superboss sul territorio italiano nella tarda primavera del 2017. Ma \u00e8 possibile un accordo &#8220;pulito&#8221; con la Libia, che tuteli i diritti umani senza finanziare i trafficanti proteggendo le persone pi\u00f9 vulnerabili? Ne parliamo con Emanuela Del Re, viceministro degli Esteri con delega all&#8217;Africa, che ha competenza sull&#8217;aspetto umanitario dell&#8217;accordo.<\/p>\n<p>\u00abIl memorandum &#8211; afferma Del Re &#8211; \u00e8 nelle mani del presidente del Consiglio. Dal mio punto di vista va rinnovato con un approccio diverso, che tenga conto della complessit\u00e0 della situazione che si \u00e8 creata in questi anni\u00bb.<\/p>\n<p><strong>Quale sarebbe? <\/strong><\/p>\n<p>\u00abL&#8217;accordo fa parte di una strategia pi\u00f9 ampia che comprende da una parte la necessit\u00e0 di combattere il traffico di esseri umani e nello stesso tempo quella di assicurare il rispetto dei diritti umani. In pi\u00f9 oggi, rispetto a due anni fa, c&#8217;\u00e8 un conflitto interno che ha causato 25mila famiglie di sfollati, almeno 100mila persone. Dobbiamo tenere conto anche di questo: l&#8217;Italia per l&#8217;esperienza, la conoscenza del territorio e dei soggetti e il proprio ruolo storico ha un ruolo chiave per la stabilizzazione del Paese. Me lo ha confermato un incontro tenutosi luned\u00ec e martedi scorso alla Farnesina. Abbiamo organizzato la prima riunione degli attori pi\u00f9 importanti sul terreno, a partire da Acnur e Oim fino alle reti di Ong impegnate nei vari progetti, l&#8217;Unicef e l&#8217;Ue. Con il rinnovo possiamo ad esempio affrontare il complesso nodo dei profughi per intervenire nei centri di detenzione dove c&#8217;\u00e8 una questione giuridica complicata perch\u00e9 per Tripoli le carcerazioni sono in un quadro legittimo, mentre per noi sono arbitrarie. Ma la strategia passa dal rinnovo, altrimenti non possiamo pi\u00f9 intervenire. Fa parte di una architettura complessa\u00bb.<\/p>\n<p><strong>Quali sono gli altri aspetti? <\/strong><\/p>\n<p>\u00abOltre ai problemi per la popolazione libica, le stime dicono che ci sono dai 600mila agli 800 mila migranti sub-sahariani fuori dai centri. Occorre una risposta sul piano politico come Paese amico, vanno previsti progetti di sviluppo e cooperazione. Insomma serve un approccio olistico\u00bb.<\/p>\n<p><strong>I centri di detenzione vanno chiusi come chiede anzitutto l&#8217;Acnur? <\/strong><\/p>\n<p>\u00abE\u2019 fondamentale chiuderli. Vogliamo proseguire la collaborazione per incrementare le evacuazioni (in due anni in Italia sono arrivate 850 persone vulnerabili dai centri libici e dal Niger, ndr). Serve un sistema diverso, propongo che sia l&#8217;Acnur a occuparsi dei migranti quando arrivano sul territorio in centri sicuri e che venga rispettato pienamente il diritto umanitario internazionale. Questo non significa allentare sulla sicurezza, ad esempio sul controllo dei confini libici e dei flussi gestiti dai trafficanti. In Niger, ad esempio, abbiamo avviato progetti con l&#8217;Oim ad Agadez per accogliere i ragazzi che hanno subito abusi e aiutarli con rimpatri volontari e assistiti\u00bb.<\/p>\n<p><strong>Il recente voto del Parlamento europeo che non ha aperto i porti mette in discussione questa architettura? <\/strong><\/p>\n<p>\u00abIn Libia contano le azioni concrete. Occorre dialogare sul tema con tutti i partner europei, anche se un vertice con Francia e Germania non \u00e8 ancora stato fissato. Non \u00e8 in discussione il salvataggio di vite umane in mare, la loro ricollocazione in questo momento \u00e8 in fase di negoziazione. Il dossier Libia \u00e8 importante per tutti, il premier pu\u00f2 a mio avviso ribaltare le prospettive proponendo i corridoi umanitari europei di cui sono strenua sostenitrice\u00bb.<\/p>\n","protected":false},"excerpt":{"rendered":"A una settimana dalla scadenza del termine per il rinnovo del memorandum d&#8217;intesa con la Libia, si moltiplicano nella maggioranza dubbi e prese di posizione. Il presidente del Consiglio Giuseppe Conte, che sta riesaminando l&#8217;accordo, ha espresso perplessit\u00e0 per la questione delle condizioni dei migranti nei centri di detenzione, pi\u00f9 volte denunciata da rapporti dell&#8217;Onu [&hellip;]","protected":false},"author":1,"featured_media":0,"comment_status":"","ping_status":"","sticky":false,"template":"","format":"standard","meta":{"footnotes":""},"categories":[23],"tags":[399],"class_list":["post-23130","post","type-post","status-publish","format-standard","hentry","category-interviste","tag-vice-ministri-e-sottosegretari-precedenti"],"_links":{"self":[{"href":"https:\/\/www.esteri.it\/it\/wp-json\/wp\/v2\/posts\/23130","targetHints":{"allow":["GET"]}}],"collection":[{"href":"https:\/\/www.esteri.it\/it\/wp-json\/wp\/v2\/posts"}],"about":[{"href":"https:\/\/www.esteri.it\/it\/wp-json\/wp\/v2\/types\/post"}],"author":[{"embeddable":true,"href":"https:\/\/www.esteri.it\/it\/wp-json\/wp\/v2\/users\/1"}],"replies":[{"embeddable":true,"href":"https:\/\/www.esteri.it\/it\/wp-json\/wp\/v2\/comments?post=23130"}],"version-history":[{"count":0,"href":"https:\/\/www.esteri.it\/it\/wp-json\/wp\/v2\/posts\/23130\/revisions"}],"wp:attachment":[{"href":"https:\/\/www.esteri.it\/it\/wp-json\/wp\/v2\/media?parent=23130"}],"wp:term":[{"taxonomy":"category","embeddable":true,"href":"https:\/\/www.esteri.it\/it\/wp-json\/wp\/v2\/categories?post=23130"},{"taxonomy":"post_tag","embeddable":true,"href":"https:\/\/www.esteri.it\/it\/wp-json\/wp\/v2\/tags?post=23130"}],"curies":[{"name":"wp","href":"https:\/\/api.w.org\/{rel}","templated":true}]}}