{"id":23226,"date":"2018-01-24T08:52:23","date_gmt":"2018-01-24T07:52:23","guid":{"rendered":"https:\/\/www.esteri.it\/sala_stampa\/archivionotizie\/comunicati\/2018\/01\/giro-cooperazione-cosi-cambiamo\/"},"modified":"2018-01-24T08:52:23","modified_gmt":"2018-01-24T07:52:23","slug":"giro-cooperazione-cosi-cambiamo","status":"publish","type":"post","link":"https:\/\/www.esteri.it\/it\/sala_stampa\/archivionotizie\/interviste\/2018\/01\/giro-cooperazione-cosi-cambiamo\/","title":{"rendered":"Giro: &#8220;Cooperazione, cos\u00ec cambiamo il paradigma&#8221; (Democratica)"},"content":{"rendered":"<p style=\"text-align: justify;\">Un&#8217;Italia che non coopera declina. \u00c8 questo lo spirito con cui i Governi Renzi e Gentiloni hanno guardato al settore della cooperazione internazionale dopo la riforma di marca PD approvata nell&#8217;agosto 2014. Una delle risposte da dare al paese era fare un salto: cooperare come indice dell&#8217;estroversione internazionale del nostro paese. Con la nuova legge 215 sono venute nuove risorse: oggi non siamo pi\u00f9 l&#8217;ultimo paese del G7 e dell&#8217;UE in termini di aiuti, ma il 4\u00b0 , con lo 0,27% del PIL. Lo 0,30 sar\u00e0 raggiunto prima del previsto.<\/p>\n<p style=\"text-align: justify;\">Un&#8217;inversione di tendenza anche in termini di visione che ha ridato dignit\u00e0 agli attori della cooperazione, vecchi e nuovi: ONG, diaspore, enti locali, imprese, terzo settore ecc. Il dibattito attorno alla cooperazione oggi esiste ed \u00e8 vivace, intrecciato specialmente con la questione delle migrazioni. Lo avevamo detto: se l&#8217;Italia non si interessa al mondo, il mondo certamente si interesser\u00e0 all&#8217;Italia. \u00c8 ci\u00f2 che \u00e8 avvenuto, a dimostrazione che non basta chiudere gli occhi perch\u00e9 la globalizzazione non ti raggiunga, con il suo bagaglio contradditorio di minacce ed opportunit\u00e0. Ma per la destra la questione migratoria \u00e8 pi\u00f9 una polemica ai fini interni, manipolato per far leva sulla paura, piuttosto che un tema da gestire con lungimiranza. Noi ci siamo confrontati con la sfida dell&#8217; &#8220;aiutarli a casa loro&#8221;. Concretamente. Molti hanno del mondo visto solo come minaccia, sognano un&#8217;Italia vintage; altri parlano di &#8220;inversione etnica&#8221; e disquisiscono di &#8220;razza bianca&#8221;; altri ancora accusano il mondo delle ONG di &#8220;guadagnarci&#8221; (vedi la questione &#8220;taxi del mare&#8221;). Noi crediamo invece che chi si cimenta con il difficile impegno dello sviluppo \u00e8 degno di tutto il nostro rispetto. E&#8217; la parte migliore del nostro paese e dell&#8217;Europa: quella di chi non si arrende davanti al dramma ma prova ad entrare negli inferni di questo mondo, a trovare soluzioni. Ma non basta: c&#8217;\u00e8 la sfida di avere impatto, cambiare la prospettiva di futuro per i giovani africani o mediorientali. Per questo la nostra cooperazione \u00e8 cresciuta, uscendo fuori dall&#8217;ordinario. Per rispondere alla domanda sullo sviluppo dell&#8217;Africa sono nate nuove interlocuzioni: da una parte quella con il settore privato e le imprese, dall&#8217;altra con le diaspore e le collettivit\u00e0 straniere in Italia. E\u2019 emersa una nuova coscienza: per aiutare davvero l&#8217;Africa, occorre fare in modo che vi si creino opportunit\u00e0 di lavoro. In altre parole: per sfuggire allo poverty trap l&#8217;Africa deve produrre. Qui si connettono gli interessi della cooperazione con quelli del nostro settore privato (specie le PMI): creare lavoro in Africa e internazionalizzazione delle imprese sono due aspetti che possono andare insieme facendo saltare i vecchi steccati ideologici che dividevano ONG e imprese. Aiutarli a casa loro ed aiutarsi assieme. Il difficile negoziato a Bruxelles sugli investimenti per lo sviluppo ne \u00e8 la prova concreta con la nascita dell&#8217;External Investment Plan, un&#8217;idea italiana. In altre parole: non bastano gli aiuti, servono investimenti. Abbiamo riempito un vuoto di idee con un pensiero. Le risorse in pi\u00f9 potranno funzionare perch\u00e9 abbiamo rimesso in movimento idee, riflettendo su come l&#8217;Italia potesse fare la sua parte per rispondere efficacemente alle sfide della povert\u00e0, delle diseguaglianze, della sicurezza e della pace. I tempi non sono facili e i venti della xenofobia soffiano in Europa e anche nel nostro paese. Ma siamo convinti che cooperare sia la cosa migliore da fare: porta in s\u00e9 lo &#8220;spirito unitivo&#8221; di cui parlava La Pira.<\/p>\n","protected":false},"excerpt":{"rendered":"Un&#8217;Italia che non coopera declina. \u00c8 questo lo spirito con cui i Governi Renzi e Gentiloni hanno guardato al settore della cooperazione internazionale dopo la riforma di marca PD approvata nell&#8217;agosto 2014. Una delle risposte da dare al paese era fare un salto: cooperare come indice dell&#8217;estroversione internazionale del nostro paese. Con la nuova legge [&hellip;]","protected":false},"author":1,"featured_media":0,"comment_status":"","ping_status":"","sticky":false,"template":"","format":"standard","meta":{"footnotes":""},"categories":[23],"tags":[399],"class_list":["post-23226","post","type-post","status-publish","format-standard","hentry","category-interviste","tag-vice-ministri-e-sottosegretari-precedenti"],"_links":{"self":[{"href":"https:\/\/www.esteri.it\/it\/wp-json\/wp\/v2\/posts\/23226","targetHints":{"allow":["GET"]}}],"collection":[{"href":"https:\/\/www.esteri.it\/it\/wp-json\/wp\/v2\/posts"}],"about":[{"href":"https:\/\/www.esteri.it\/it\/wp-json\/wp\/v2\/types\/post"}],"author":[{"embeddable":true,"href":"https:\/\/www.esteri.it\/it\/wp-json\/wp\/v2\/users\/1"}],"replies":[{"embeddable":true,"href":"https:\/\/www.esteri.it\/it\/wp-json\/wp\/v2\/comments?post=23226"}],"version-history":[{"count":0,"href":"https:\/\/www.esteri.it\/it\/wp-json\/wp\/v2\/posts\/23226\/revisions"}],"wp:attachment":[{"href":"https:\/\/www.esteri.it\/it\/wp-json\/wp\/v2\/media?parent=23226"}],"wp:term":[{"taxonomy":"category","embeddable":true,"href":"https:\/\/www.esteri.it\/it\/wp-json\/wp\/v2\/categories?post=23226"},{"taxonomy":"post_tag","embeddable":true,"href":"https:\/\/www.esteri.it\/it\/wp-json\/wp\/v2\/tags?post=23226"}],"curies":[{"name":"wp","href":"https:\/\/api.w.org\/{rel}","templated":true}]}}