{"id":23229,"date":"2018-01-15T09:10:35","date_gmt":"2018-01-15T08:10:35","guid":{"rendered":"https:\/\/www.esteri.it\/sala_stampa\/archivionotizie\/comunicati\/2018\/01\/giro-un-mercato-per-le-nostre-imprese\/"},"modified":"2018-01-15T09:10:35","modified_gmt":"2018-01-15T08:10:35","slug":"giro-un-mercato-per-le-nostre-imprese","status":"publish","type":"post","link":"https:\/\/www.esteri.it\/it\/sala_stampa\/archivionotizie\/interviste\/2018\/01\/giro-un-mercato-per-le-nostre-imprese\/","title":{"rendered":"Giro: \u00abUn mercato per le nostre imprese\u00bb (NAZIONE \u2013 Carlino \u2013 GIORNO)"},"content":{"rendered":"<p style=\"text-align: justify;\"><strong>Vice Ministro degli Esteri Mario Giro<\/strong>,<strong> secondo l&#8217;African economic outlook l&#8217;Italia \u00e8 diventata il terzo investitore in Africa. Che significa, che abbiamo riscoperto il Continente nero? <\/strong><\/p>\n<p style=\"text-align: justify;\">\u00abEsatto, ed era ora. C&#8217;\u00e8 stato molto lavoro, che ha pagato facendoci scalare velocemente le classifiche. Nel 2014 eravamo 21esimi, nel 2015 undicesimi e nel 2016 eravamo terzi. Abbiamo portato molte nuove aziende in Africa, e si \u00e8 rafforzata la presenza di grandi <i>player<\/i> come Eni, che \u00e8 un nostro campione. Come Enel, che sta facendo benissimo e ha oggi undici cantieri aperti. Di costruttori come Salini e Pizzarotti, aziende dell&#8217;agroalimentare come Cremonini che ha undici piattaforme o Ferrero che \u00e8 presente commercialmente in tutti e 54 i Paesi africani e ha impianti in Camerun e Sudafrica. In Africa pensiamo di poter fare la differenza, soprattutto nel settore delle grandi infrastrutture, della logistica, dell&#8217;energia rinnovabile e dell&#8217;agrobusiness, che ha un gran potenziale\u00bb.<\/p>\n<p style=\"text-align: justify;\"><strong>Quanto hanno inciso le missioni politiche? <\/strong><\/p>\n<p style=\"text-align: justify;\">\u00abNon poco, soprattutto se si portano anche le imprese. Ne abbiamo fatte tante, Renzi \u00e8 stato tre volte, Gentiloni ne ha fatta una da premier e quattro da ministro degli Esteri, il presidente Mattarella ne ha fatta una e poi ci sono state tra le altre le missioni dei ministri Pinotti e Calenda e le mie. Si \u00e8 lavorato bene su Ice, Sace, Simest. Abbiamo aperto anche tre nuove ambasciate e un nuovo Istituto di cultura. E la cultura \u00e8 importante perch\u00e9 gli studenti africani in Italia, una volta rientrati nel loro Paese, spesso diventano imprenditori o aiutano le imprese italiane a entrare sui mercati africani\u00bb. <strong><\/strong><\/p>\n<p style=\"text-align: justify;\"><strong>Quale \u00e8 il senso della missione militare italiana in Niger?<\/strong><\/p>\n<p style=\"text-align: justify;\">\u00abAiutare l&#8217;esercito e le forze di polizie nigerine a tenere in piedi lo Stato, respingendo l&#8217;offensiva di terroristi e trafficanti di esseri umani. Serve a non avere una seconda Libia o una seconda Somalia\u00bb.<\/p>\n<p style=\"text-align: justify;\"><strong>La cooperazione allo sviluppo \u00e8 stata accusata di avere un approccio troppo assistenzialista, concentrato sulle emergenze pi\u00f9 che sulla crescita.<\/strong><\/p>\n<p style=\"text-align: justify;\">\u00abDopo la riforma del 2014 molte cose sono cambiate. Ovviamente si lavora sempre sulle emergenze, che in Africa sono un problema molto grave, ma c&#8217;\u00e8 anche un riorientamento dei soldi della cooperazione verso incubatori per piccole e piccolissime imprese fatte o direttamente dalla cooperazione o in collaborazione con altre Ong per riuscire a creare lavoro e sviluppo sostenibile. Per la prima volta la cooperazione ha fatto un bando non per Ong ma per imprese che volessero creare nuove imprese in Africa. L&#8217;Africa ha enormi potenzialit\u00e0 e deve produrre\u00bb.<\/p>\n<p style=\"text-align: justify;\"><strong>\u00c8 questa la chiave per disinnescare migrazioni fuori controllo?<\/strong><\/p>\n<p style=\"text-align: justify;\">\u00abSe uno non crea lavoro l&#8217;emergenza migranti non si risolve. Bisogna creare le condizioni perch\u00e9 ci sia pi\u00f9 lavoro per i loro giovani e per le nostre imprese. Ed \u00e8 possibile. Abbiamo anche avviato progetti per fare rimpatri assistiti con connessa nascita di una piccola impresa, tipo una panetteria o un&#8217;impresa artigiano. L&#8217;immigrato che acquisisce una professionalit\u00e0 in Italia pu\u00f2 usarla anche nel suo Paese, recuperando dignit\u00e0 e facendo crescere il suo Paese\u00bb.<\/p>\n","protected":false},"excerpt":{"rendered":"Vice Ministro degli Esteri Mario Giro, secondo l&#8217;African economic outlook l&#8217;Italia \u00e8 diventata il terzo investitore in Africa. Che significa, che abbiamo riscoperto il Continente nero? \u00abEsatto, ed era ora. C&#8217;\u00e8 stato molto lavoro, che ha pagato facendoci scalare velocemente le classifiche. Nel 2014 eravamo 21esimi, nel 2015 undicesimi e nel 2016 eravamo terzi. Abbiamo [&hellip;]","protected":false},"author":1,"featured_media":0,"comment_status":"","ping_status":"","sticky":false,"template":"","format":"standard","meta":{"footnotes":""},"categories":[23],"tags":[399],"class_list":["post-23229","post","type-post","status-publish","format-standard","hentry","category-interviste","tag-vice-ministri-e-sottosegretari-precedenti"],"_links":{"self":[{"href":"https:\/\/www.esteri.it\/it\/wp-json\/wp\/v2\/posts\/23229","targetHints":{"allow":["GET"]}}],"collection":[{"href":"https:\/\/www.esteri.it\/it\/wp-json\/wp\/v2\/posts"}],"about":[{"href":"https:\/\/www.esteri.it\/it\/wp-json\/wp\/v2\/types\/post"}],"author":[{"embeddable":true,"href":"https:\/\/www.esteri.it\/it\/wp-json\/wp\/v2\/users\/1"}],"replies":[{"embeddable":true,"href":"https:\/\/www.esteri.it\/it\/wp-json\/wp\/v2\/comments?post=23229"}],"version-history":[{"count":0,"href":"https:\/\/www.esteri.it\/it\/wp-json\/wp\/v2\/posts\/23229\/revisions"}],"wp:attachment":[{"href":"https:\/\/www.esteri.it\/it\/wp-json\/wp\/v2\/media?parent=23229"}],"wp:term":[{"taxonomy":"category","embeddable":true,"href":"https:\/\/www.esteri.it\/it\/wp-json\/wp\/v2\/categories?post=23229"},{"taxonomy":"post_tag","embeddable":true,"href":"https:\/\/www.esteri.it\/it\/wp-json\/wp\/v2\/tags?post=23229"}],"curies":[{"name":"wp","href":"https:\/\/api.w.org\/{rel}","templated":true}]}}