{"id":23231,"date":"2018-01-04T09:59:17","date_gmt":"2018-01-04T08:59:17","guid":{"rendered":"https:\/\/www.esteri.it\/sala_stampa\/archivionotizie\/comunicati\/2018\/01\/alfano-sicurezza-e-sviluppo-cosi\/"},"modified":"2018-01-04T09:59:17","modified_gmt":"2018-01-04T08:59:17","slug":"alfano-sicurezza-e-sviluppo-cosi","status":"publish","type":"post","link":"https:\/\/www.esteri.it\/it\/sala_stampa\/archivionotizie\/interviste\/2018\/01\/alfano-sicurezza-e-sviluppo-cosi\/","title":{"rendered":"Alfano: \u201cSicurezza e sviluppo Cos\u00ec l&#8217;Italia rafforza l&#8217;impegno in Africa\u201d  (La Stampa)"},"content":{"rendered":"<p>Caro Direttore,<\/p>\n<p>Le scrivo mentre sono in missione in Niger, Senegal e Guinea.<\/p>\n<p>Nel 2017 l&#8217;Africa \u00e8 stata centrale nella politica estera italiana: con la Ministeriale dei Paesi di Transito, svoltasi alla Farnesina a luglio del 2017, abbiamo ideato un formato innovativo che si \u00e8 affermato a livello di Capi di Stato e di Governo e abbiamo proposto un modello, accolto dal Vertice Ue-Africa di Abidjan, su rimpatri volontari assistiti di migranti economici e reinsediamenti di rifugiati; abbiamo dedicato all&#8217;Africa una sessione del G7 di Taormina; abbiamo aumentato la nostra presenza diplomatica nel continente africano, riattivando la nostra ambasciata in Libia e aprendo nuove ambasciate in Niger, Guinea e Burkina Faso; abbiamo incrementato gli aiuti di cooperazione all&#8217;Africa, dai 140 milioni di euro del 2016 ai 180 milioni nel 2017.<\/p>\n<p>Ho, quindi, deciso di dedicare all&#8217;Africa il primo impegno istituzionale del 2018 per coronare questo salto di qualit\u00e0 nelle relazioni tra Italia e Africa.<\/p>\n<p>II Niger, posto alla frontiera Sud della Libia, \u00e8 stato inserito tra quelli prioritari della politica estera italiana. Ho nominato, per la prima volta, un giovane ambasciatore a Niamey, dove ieri ho inaugurato la nostra ambasciata e incontrato &#8211; la quinta volta in meno di un anno &#8211; il mio omologo nigerino.<\/p>\n<p>La linea italiana ha coniugato sicurezza e solidariet\u00e0.<\/p>\n<p>Ho voluto destinare al Niger 50 milioni di euro per il rafforzamento del controllo delle frontiere con la Libia &#8211; ottenendo un abbattimento dei flussi migratori dai 70.000 del maggio 2016 ai 4.000 del luglio 2017 -,15 milioni per contribuire ai programmi dell&#8217;Oim (Organizzazione Internazionale per le Migrazioni) di rimpatrio volontario e 31 milioni di euro per migliorare le condizioni delle popolazioni locali. II governo italiano ha poi deliberato a dicembre il dispiegamento in Niger di un contingente di formatori anche per sostenere la Forza Congiunta del G5 Sahel e contrastare le minacce legate al jihadismo islamico, alla criminalit\u00e0 organizzata e ai traffici illeciti. Sosteniamo anche iniziative di sicurezza regionale: la missione Onu Minusma in Mali e quelle europee di formazione e assistenza di militari e civili nel Sahel. Perch\u00e9 sappiamo bene, dalla tragica esperienza libica, che il collasso delle istituzioni statali ha un costo notevole per le popolazioni locali e per i Paesi vicini.<\/p>\n<p>Non ci pu\u00f2 per\u00f2 essere sicurezza senza sviluppo. Per questo, credo molto nella funzione strategica della cooperazione allo sviluppo.<\/p>\n<p>Sei su dieci africani hanno meno di 25 anni e, da qui al 2050, la popolazione giovanile raddoppier\u00e0, da circa 230 milioni ad oltre 450 milioni. Per tanti Paesi africani \u00e8 essenziale che alla crescita demografica corrispondano adeguati sbocchi occupazionali. E l&#8217;istruzione e la cultura restano i nostri migliori alleati per sostenere lo sviluppo e contenere i flussi migratori.<\/p>\n<p>Per questo, oggi, sono in Senegal, Paese ricco di potenzialit\u00e0, che investe molto nell&#8217;istruzione e dove, ai programmi di cooperazione, aggiungiamo quelli culturali, con la riapertura dell&#8217;Istituto italiano di cultura. L&#8217;ultima tappa \u00e8 in Guinea, tra i Paesi d&#8217;origine dei flussi migratori, dove ho inviato un giovane ambasciatore per aprire la nostra ambasciata e rilanciare la collaborazione economica. Perch\u00e9 l&#8217;Africa \u00e8 anche un continente di opportunit\u00e0.<\/p>\n<p>In Europa dobbiamo essere consapevoli che, mentre Paesi come la Cina vi realizzano enormi investimenti, in Africa \u00e8 in gioco il nostro destino di sicurezza e prosperit\u00e0. E&#8217; una sfida, questa, che l&#8217;Italia e la diplomazia italiana hanno colto e cominciato a vincere.<\/p>\n","protected":false},"excerpt":{"rendered":"Caro Direttore, Le scrivo mentre sono in missione in Niger, Senegal e Guinea. Nel 2017 l&#8217;Africa \u00e8 stata centrale nella politica estera italiana: con la Ministeriale dei Paesi di Transito, svoltasi alla Farnesina a luglio del 2017, abbiamo ideato un formato innovativo che si \u00e8 affermato a livello di Capi di Stato e di Governo [&hellip;]","protected":false},"author":1,"featured_media":0,"comment_status":"","ping_status":"","sticky":false,"template":"","format":"standard","meta":{"footnotes":""},"categories":[23],"tags":[31,76],"class_list":["post-23231","post","type-post","status-publish","format-standard","hentry","category-interviste","tag-africa","tag-ministri-precedenti"],"_links":{"self":[{"href":"https:\/\/www.esteri.it\/it\/wp-json\/wp\/v2\/posts\/23231","targetHints":{"allow":["GET"]}}],"collection":[{"href":"https:\/\/www.esteri.it\/it\/wp-json\/wp\/v2\/posts"}],"about":[{"href":"https:\/\/www.esteri.it\/it\/wp-json\/wp\/v2\/types\/post"}],"author":[{"embeddable":true,"href":"https:\/\/www.esteri.it\/it\/wp-json\/wp\/v2\/users\/1"}],"replies":[{"embeddable":true,"href":"https:\/\/www.esteri.it\/it\/wp-json\/wp\/v2\/comments?post=23231"}],"version-history":[{"count":0,"href":"https:\/\/www.esteri.it\/it\/wp-json\/wp\/v2\/posts\/23231\/revisions"}],"wp:attachment":[{"href":"https:\/\/www.esteri.it\/it\/wp-json\/wp\/v2\/media?parent=23231"}],"wp:term":[{"taxonomy":"category","embeddable":true,"href":"https:\/\/www.esteri.it\/it\/wp-json\/wp\/v2\/categories?post=23231"},{"taxonomy":"post_tag","embeddable":true,"href":"https:\/\/www.esteri.it\/it\/wp-json\/wp\/v2\/tags?post=23231"}],"curies":[{"name":"wp","href":"https:\/\/api.w.org\/{rel}","templated":true}]}}