{"id":23235,"date":"2017-12-18T08:54:05","date_gmt":"2017-12-18T07:54:05","guid":{"rendered":"https:\/\/www.esteri.it\/sala_stampa\/archivionotizie\/comunicati\/2017\/12\/giro-non-c-e-spazio-per-iniziative\/"},"modified":"2017-12-18T08:54:05","modified_gmt":"2017-12-18T07:54:05","slug":"giro-non-c-e-spazio-per-iniziative","status":"publish","type":"post","link":"https:\/\/www.esteri.it\/it\/sala_stampa\/archivionotizie\/interviste\/2017\/12\/giro-non-c-e-spazio-per-iniziative\/","title":{"rendered":"Giro: \u00abNon c\u2019\u00e8 spazio per iniziative unilaterali\u00bb (Corriere della Sera)"},"content":{"rendered":"<p>\u00abNon \u00e8 la prima volta che questo partito va al governo, ci and\u00f2 anche all&#8217;epoca di Haider. \u00c8 la prima volta in questa stagione, ma l&#8217;Austria \u00e8 un Paese amico con cui intendiamo restare in ottimi rapporti. Se mai ce ne fosse bisogno faremo in modo che la linea del premier Sebastian Kurz prevalga\u00bb. Mario Giro, viceministro degli Esteri, ha una visione meno allarmata del collega Benedetto Della Vedova. Per il secondo, anche lui vice di Alfano alla Farnesina, alcune delle proposte dell&#8217;estrema destra austriaca, come quella della cittadinanza agli italiani dell&#8217;Alto Adige, hanno \u00abil crisma del pugno di ferro etno-nazionalista, e rischiano di minare la convivenza pacifica\u00bb nella Ue.<\/p>\n<p><strong>C&#8217;\u00e8 anche un corto circuito fra Pse e Ppe, dopo l&#8217;Ungheria i popolari europei ormai vengono accusati dai socialisti di fare da apripista alla destra estrema e xenofoba. <\/strong><\/p>\n<p>\u00abQueste accuse \u2014 continua Giro \u2014 ci furono anche all&#8217;epoca con Haider. Ritengo che la cosa migliore sia continuare a collaborare e dialogare, anche per rispettare i termini con cui il presidente austriaco ha accettato questo governo, ovvero il suo concreto europeismo\u00bb.<\/p>\n<p><strong>Sar\u00e0 difficile con Interni, Esteri e Difesa concessi all&#8217;estrema destra. <\/strong><\/p>\n<p>\u00abMi pare che Kurz si sia tenuto l&#8217;essenziale del governo, ovvero tutta l&#8217;economia, lasciando ai populisti, di fatto, solo le questioni migratorie. Punti su cui lui si era gi\u00e0 espresso nel corso del suo mandato come ministro degli Esteri, ne abbiamo discusso anche in sede bilaterale\u00bb.<\/p>\n<p><strong>Beh, tre ministeri di peso non sono solo questione migratoria. <\/strong><\/p>\n<p>\u00abEssenzialmente lo sono. Per ragioni di propaganda elettorale si \u00e8 parlato molto di Brennero ma solo con un taglio mediatico, senza conseguenze concrete. Non ci aspettiamo cambiamenti da questo punto di vista. E la politica estera sar\u00e0 gestita direttamente anche da Kurz che ne ha gi\u00e0 grande esperienza\u00bb.<\/p>\n<p><strong>Insomma vi basate solo sul premier. <\/strong><\/p>\n<p>\u00abRicordiamoci che \u00e8 stato anche sottosegretario all&#8217;Integrazione e in quell&#8217;occasione favor\u00ec la diminuzione a sei anni del termine per ottenere la cittadinanza austriaca da parte degli stranieri che avessero dimostrato di parlare bene il tedesco e di fare volontariato. Dunque la sua personalit\u00e0 \u00e8 pi\u00f9 complessa di quello che si crede\u00bb.<\/p>\n<p><strong>Resta la preoccupazione per la proposta di dare la cittadinanza agli italiani di lingua tedesca che vivono in Alta Adige. <\/strong><\/p>\n<p>\u00ab\u00c8 una vecchia storia, di cui si parla da decenni, ma sempre come rivendicazione simbolica. Una cosa sono i proclami, un&#8217;altra i fatti. Non credo che questo caso faccia differenza. Se si trattasse di una rivendicazione pantirolese separatista ovviamente saremmo fermamente contrari, non c&#8217;\u00e8 spazio per gesti unilaterali. Ma ha ragione il presidente della provincia di Bolzano: allora, se proprio vogliamo, parliamo di cittadinanza europea\u00bb.<\/p>\n<p><strong>Quindi nessun problema con l&#8217;Italia. <\/strong><\/p>\n<p>\u00abDal Brennero non passa pi\u00f9 nessuno, le frontiere con l&#8217;Italia sono sicure. I problemi semmai nasceranno alle frontiere con la Slovenia e la Repubblica Ceca, attraverso le quali entrano ancora migranti in un Paese che ha oltre il 12% di cittadini stranieri, e che dunque ha accolto moltissimo negli ultimi anni, a dispetto dell&#8217;immagine che oggi proietta nei Paesi vicini e in Europa\u00bb.<\/p>\n<p><strong>Ma cos\u00ec non si rischia di minimizzare il ruolo dell&#8217;estrema destra in Europa? <\/strong><\/p>\n<p>\u00abAssolutamente no, non pu\u00f2 che esserci una condanna netta per ogni forma di propaganda politica fondata su xenofobia, antisemitismo e altre forme di discriminazione. Ci\u00f2 che accade in Austria non pu\u00f2 diventare un modello nella Ue, su questo saremo intransigenti\u00bb.<\/p>\n","protected":false},"excerpt":{"rendered":"\u00abNon \u00e8 la prima volta che questo partito va al governo, ci and\u00f2 anche all&#8217;epoca di Haider. \u00c8 la prima volta in questa stagione, ma l&#8217;Austria \u00e8 un Paese amico con cui intendiamo restare in ottimi rapporti. Se mai ce ne fosse bisogno faremo in modo che la linea del premier Sebastian Kurz prevalga\u00bb. Mario [&hellip;]","protected":false},"author":1,"featured_media":0,"comment_status":"","ping_status":"","sticky":false,"template":"","format":"standard","meta":{"footnotes":""},"categories":[23],"tags":[399],"class_list":["post-23235","post","type-post","status-publish","format-standard","hentry","category-interviste","tag-vice-ministri-e-sottosegretari-precedenti"],"_links":{"self":[{"href":"https:\/\/www.esteri.it\/it\/wp-json\/wp\/v2\/posts\/23235","targetHints":{"allow":["GET"]}}],"collection":[{"href":"https:\/\/www.esteri.it\/it\/wp-json\/wp\/v2\/posts"}],"about":[{"href":"https:\/\/www.esteri.it\/it\/wp-json\/wp\/v2\/types\/post"}],"author":[{"embeddable":true,"href":"https:\/\/www.esteri.it\/it\/wp-json\/wp\/v2\/users\/1"}],"replies":[{"embeddable":true,"href":"https:\/\/www.esteri.it\/it\/wp-json\/wp\/v2\/comments?post=23235"}],"version-history":[{"count":0,"href":"https:\/\/www.esteri.it\/it\/wp-json\/wp\/v2\/posts\/23235\/revisions"}],"wp:attachment":[{"href":"https:\/\/www.esteri.it\/it\/wp-json\/wp\/v2\/media?parent=23235"}],"wp:term":[{"taxonomy":"category","embeddable":true,"href":"https:\/\/www.esteri.it\/it\/wp-json\/wp\/v2\/categories?post=23235"},{"taxonomy":"post_tag","embeddable":true,"href":"https:\/\/www.esteri.it\/it\/wp-json\/wp\/v2\/tags?post=23235"}],"curies":[{"name":"wp","href":"https:\/\/api.w.org\/{rel}","templated":true}]}}