{"id":23238,"date":"2017-12-04T11:46:25","date_gmt":"2017-12-04T10:46:25","guid":{"rendered":"https:\/\/www.esteri.it\/sala_stampa\/archivionotizie\/comunicati\/2017\/12\/giro-tra-l-europa-e-l-africa-futuro\/"},"modified":"2017-12-04T11:46:25","modified_gmt":"2017-12-04T10:46:25","slug":"giro-tra-l-europa-e-l-africa-futuro","status":"publish","type":"post","link":"https:\/\/www.esteri.it\/it\/sala_stampa\/archivionotizie\/interviste\/2017\/12\/giro-tra-l-europa-e-l-africa-futuro\/","title":{"rendered":"Giro: \u00abTra l`Europa e l`Africa \u00abfuturo\u00bb \u00e8 la parola chiave\u00bb (Avvenire)"},"content":{"rendered":"<p>Immaginate quasi 90 delegazioni degli Stati e delle istituzioni europee e africane, in un&#8217;unica grande sala, decorata con motivi astratti anni Settanta, lo stile di Abidjan quando divenne grande. Tutti si abbracciano, si chiamano per nome. Questo \u00e8 il clima dell&#8217;Eurafrica: caloroso, che esprime vicinanza. Ma non tutto va bene tra i due continenti fratelli. Innanzi tutto c&#8217;\u00e8 un passato che non passa, quello della colonizzazione che \u00e8 stato appena riattizzato dalle polemiche sulla vendita degli schiavi in Libia ma anche dalle polemiche europee sull&#8217;abbandono dei \u00absensi di colpa\u00bb.<\/p>\n<p>La Francia di Sarkozy ne fece addirittura una legge. Nel linguaggio politico-diplomatico ci\u00f2 si esprime in certe intemerate europee sulla buona amministrazione e sulla corruzione, mentre da parte africana si reagisce ritornando sempre al passato, con una certa manipolazione del tema nei confronti della propria gente. Non \u00e8 un caso che alla domanda della ragazza che mescolava neocolonialismo e mancanza di servizi nell&#8217;universit\u00e0 di Ouagadougou, il presidente Macron non abbia avuto timore di dire: \u00abQuesto non \u00e8 compito mio, chiedilo al tuo presidente\u00bb. Ma \u00e8 difficile sfuggire all&#8217;immaginario comune. La storia pesa e non c&#8217;\u00e8 stata purificazione della memoria. Il tema del destino dell&#8217;uomo e della donna neri, nascosti dietro \u00abla linea del colore\u00bb, come diceva Web Du Bois all&#8217;inizio del secolo scorso, \u00e8 fortemente simbolico e sentito. Tra l&#8217;altro ci\u00f2 che avviene tra la polizia Usa e gli afroamericani non aiuta&#8230; Infatti a dividere i due partner c&#8217;\u00e8 la questione migrazioni che tanto si collega con la convivenza tra africani ed europei. Molti giovani africani si sentono in diritto di andare in Europa dopo che quest&#8217;ultima \u00e8 venuta a casa loro. Sulle migrazioni la coscienza dei due continenti si divide: emergenza umanitaria o securitaria per l&#8217;Europa, diviene un&#8217;opportunit\u00e0 per la leadership africana. Infatti le rimesse dei migranti rappresentano pi\u00f9 del doppio dell&#8217;aiuto pubblico allo sviluppo.<\/p>\n<p>Per questo gli africani non accettano i rimpatri forzati: economicamente non convengono e diventano un&#8217;umiliazione davanti alla propria opinione pubblica, gi\u00e0 scandalizzata dalle immagini di schiavismo e sofferenza. Tra Europa e Africa c&#8217;\u00e8 quella consuetudine fatta anche di tanti &#8220;non detti&#8221; e di molti silenzi. Qualunque argomento si trasforma passando attraverso la griglia di sentimenti e emozioni reciproci dovuti al colonialismo e alla decolonizzazione (uno choc non minore della prima). Se da una parte si dice \u00abquestione demografia\u00bb, dall&#8217;altra parte si ascolta \u00abtratta\u00bb; \u00abcorruzione\u00bb si trasforma in \u00absfruttamento\u00bb; \u00abdiritti umani\u00bb in \u00abdifesa delle nostre culture\u00bb e cos\u00ec via. A torto o a ragione, gli africani non sopportano che, dopo averli colonizzati, l&#8217;Europa oggi pretenda di spiegare loro come si fa a decolonizzarsi&#8230; Allo stesso modo non accettano facilmente le critiche europee contro i cinesi, che tra di loro pure condividono. Tutti affermano di voler una relazione tra pari tra i continenti ma sanno che ancora non ci siamo.<\/p>\n<p>Ci vuole quindi un nuovo linguaggio comune, fatto di verit\u00e0 ma soprattutto di futuro. Tenere conto della storia \u00e8 sempre giusto, basta che non diventi un macigno che schiaccia. In entrambi i continenti le giovani generazioni sono diverse dai loro padri e possono essere libere dalle costrizioni mentali del passato. Su questo \u00e8 bene costruire.<\/p>\n","protected":false},"excerpt":{"rendered":"Immaginate quasi 90 delegazioni degli Stati e delle istituzioni europee e africane, in un&#8217;unica grande sala, decorata con motivi astratti anni Settanta, lo stile di Abidjan quando divenne grande. Tutti si abbracciano, si chiamano per nome. Questo \u00e8 il clima dell&#8217;Eurafrica: caloroso, che esprime vicinanza. Ma non tutto va bene tra i due continenti fratelli. [&hellip;]","protected":false},"author":1,"featured_media":0,"comment_status":"","ping_status":"","sticky":false,"template":"","format":"standard","meta":{"footnotes":""},"categories":[23],"tags":[399],"class_list":["post-23238","post","type-post","status-publish","format-standard","hentry","category-interviste","tag-vice-ministri-e-sottosegretari-precedenti"],"_links":{"self":[{"href":"https:\/\/www.esteri.it\/it\/wp-json\/wp\/v2\/posts\/23238","targetHints":{"allow":["GET"]}}],"collection":[{"href":"https:\/\/www.esteri.it\/it\/wp-json\/wp\/v2\/posts"}],"about":[{"href":"https:\/\/www.esteri.it\/it\/wp-json\/wp\/v2\/types\/post"}],"author":[{"embeddable":true,"href":"https:\/\/www.esteri.it\/it\/wp-json\/wp\/v2\/users\/1"}],"replies":[{"embeddable":true,"href":"https:\/\/www.esteri.it\/it\/wp-json\/wp\/v2\/comments?post=23238"}],"version-history":[{"count":0,"href":"https:\/\/www.esteri.it\/it\/wp-json\/wp\/v2\/posts\/23238\/revisions"}],"wp:attachment":[{"href":"https:\/\/www.esteri.it\/it\/wp-json\/wp\/v2\/media?parent=23238"}],"wp:term":[{"taxonomy":"category","embeddable":true,"href":"https:\/\/www.esteri.it\/it\/wp-json\/wp\/v2\/categories?post=23238"},{"taxonomy":"post_tag","embeddable":true,"href":"https:\/\/www.esteri.it\/it\/wp-json\/wp\/v2\/tags?post=23238"}],"curies":[{"name":"wp","href":"https:\/\/api.w.org\/{rel}","templated":true}]}}