{"id":23256,"date":"2017-10-12T09:07:40","date_gmt":"2017-10-12T07:07:40","guid":{"rendered":"https:\/\/www.esteri.it\/sala_stampa\/archivionotizie\/comunicati\/2017\/10\/giro-tusk-ha-fatto-cio-che-poteva\/"},"modified":"2017-10-12T09:07:40","modified_gmt":"2017-10-12T07:07:40","slug":"giro-tusk-ha-fatto-cio-che-poteva","status":"publish","type":"post","link":"https:\/\/www.esteri.it\/it\/sala_stampa\/archivionotizie\/interviste\/2017\/10\/giro-tusk-ha-fatto-cio-che-poteva\/","title":{"rendered":"Giro: \u00abTusk ha fatto ci\u00f2 che poteva con questa Ue\u00bb (Corriere della Sera)"},"content":{"rendered":"<p>II presidente Tusk ha fatto quello che gli permettevano di fare, ma l&#8217;ha fatto. Chiamando Puigdemont prima del suo discorso alla Generalitat, lo ha definitivamente dissuaso a non dichiarare unilateralmente l&#8217;indipendenza, facendosi portatore diretto delle opinioni di tutti i leader europei. E Puigdemont ha capito che non c&#8217;era spazio: la Catalogna indipendente sarebbe rimasta isolata\u00bb. Il viceministro degli Esteri italiano Mario Giro spiega cos\u00ec il ruolo dell&#8217;Unione Europea nella crisi catalana, con tutti i suoi limiti. \u00abOgni iniziativa politica dell&#8217;Ue a Barcellona o a Madrid sarebbe stata considerata un&#8217;intrusione insopportabile nella sovranit\u00e0 degli Stati &#8211; aggiunge -. C&#8217;\u00e8 da chiedersi se Tusk, Juncker o Mogherini avessero potuto fare di pi\u00f9 ma ci\u00f2 sarebbe avvenuto &#8220;fuori dalle righe&#8221;, senza il consenso di chi siede al Consiglio europeo. Sarebbe stata una forzatura nel senso della unione politica\u00bb.<\/p>\n","protected":false},"excerpt":{"rendered":"II presidente Tusk ha fatto quello che gli permettevano di fare, ma l&#8217;ha fatto. Chiamando Puigdemont prima del suo discorso alla Generalitat, lo ha definitivamente dissuaso a non dichiarare unilateralmente l&#8217;indipendenza, facendosi portatore diretto delle opinioni di tutti i leader europei. E Puigdemont ha capito che non c&#8217;era spazio: la Catalogna indipendente sarebbe rimasta isolata\u00bb. [&hellip;]","protected":false},"author":1,"featured_media":0,"comment_status":"","ping_status":"","sticky":false,"template":"","format":"standard","meta":{"footnotes":""},"categories":[23],"tags":[399],"class_list":["post-23256","post","type-post","status-publish","format-standard","hentry","category-interviste","tag-vice-ministri-e-sottosegretari-precedenti"],"_links":{"self":[{"href":"https:\/\/www.esteri.it\/it\/wp-json\/wp\/v2\/posts\/23256","targetHints":{"allow":["GET"]}}],"collection":[{"href":"https:\/\/www.esteri.it\/it\/wp-json\/wp\/v2\/posts"}],"about":[{"href":"https:\/\/www.esteri.it\/it\/wp-json\/wp\/v2\/types\/post"}],"author":[{"embeddable":true,"href":"https:\/\/www.esteri.it\/it\/wp-json\/wp\/v2\/users\/1"}],"replies":[{"embeddable":true,"href":"https:\/\/www.esteri.it\/it\/wp-json\/wp\/v2\/comments?post=23256"}],"version-history":[{"count":0,"href":"https:\/\/www.esteri.it\/it\/wp-json\/wp\/v2\/posts\/23256\/revisions"}],"wp:attachment":[{"href":"https:\/\/www.esteri.it\/it\/wp-json\/wp\/v2\/media?parent=23256"}],"wp:term":[{"taxonomy":"category","embeddable":true,"href":"https:\/\/www.esteri.it\/it\/wp-json\/wp\/v2\/categories?post=23256"},{"taxonomy":"post_tag","embeddable":true,"href":"https:\/\/www.esteri.it\/it\/wp-json\/wp\/v2\/tags?post=23256"}],"curies":[{"name":"wp","href":"https:\/\/api.w.org\/{rel}","templated":true}]}}