{"id":23261,"date":"2017-09-26T09:02:02","date_gmt":"2017-09-26T07:02:02","guid":{"rendered":"https:\/\/www.esteri.it\/sala_stampa\/archivionotizie\/comunicati\/2017\/09\/giro-ong-in-libia-per-chiudere\/"},"modified":"2017-09-26T09:02:02","modified_gmt":"2017-09-26T07:02:02","slug":"giro-ong-in-libia-per-chiudere","status":"publish","type":"post","link":"https:\/\/www.esteri.it\/it\/sala_stampa\/archivionotizie\/interviste\/2017\/09\/giro-ong-in-libia-per-chiudere\/","title":{"rendered":"Giro: \u00abOng in Libia per chiudere i centri\u00bb (Il Manifesto)"},"content":{"rendered":"<p>Dopo tre anni di assenza l&#8217;Unhcr, l&#8217;Agenzia delle nazioni unite per i rifugiati, si prepara a tornare in Libia, paese che era stata costretta a lasciare nel 2014 per motivi di sicurezza. E con lei operer\u00e0 nel paese nordafricano anche l&#8217;Organizzazione internazionale per le migrazioni (Oim). \u00abLa decisione \u00e8 stata presa la scorsa settimana all&#8217;Onu, nell&#8217;incontro che il premier Paolo Gentiloni ha avuto con il capo del governo di accordo nazionale Payez al Serraj, e quello tra i due ministri degli Esteri\u00bb, spiega il viceministro degli Esteri Mario Giro.<\/p>\n<p>Non si tratta dell&#8217;unica novit\u00e0. Ieri alla Farnesina si \u00e8 svolto infatti un incontro tra il ministro degli Esteri Angelino Alfano e alcune organizzazioni umanitarie &#8211; molte delle quali gi\u00e0 attive in Libia &#8211; alle quali il governo italiano vorrebbe affidare, in accordo coi libici, l&#8217;assistenza umanitaria nei centri nei quali vengono detenuti i migranti. 23 Ong, alle quali si sono aggiunti i rappresentanti delle tre reti dell&#8217;associazionismo e della Croce rossa \u00abL&#8217;obiettivo comune a tutti \u00e8 arrivare al pi\u00f9 presto al superamento degli attuali centri nei quali sono richiusi i migranti\u00bb, spiega Giro, presente anche lui alla riunione.<\/p>\n<p><strong>Che decisioni avete preso con le Ong? <\/strong><\/p>\n<p>\u00abIl ministro Alfano ha illustrato le condizioni di partenza che riguardano la sicurezza e i centri dei quali si potr\u00e0 cominciare ad operare e ha chiesto alle Ong la loro disponibilit\u00e0 a svolgere questo impegno. Disponibilit\u00e0 c&#8217;\u00e8 stata, per cui adesso siamo operativi\u00bb. \u00a0<\/p>\n<p><strong>Di quanti e quali centri stiamo parlando? <\/strong><\/p>\n<p>\u00abNon lo sappiamo ancora, \u00e8 da vedere. Noi speriamo il numero pi\u00f9 ampio possibile, per\u00f2 \u00e8 un processo in divenire. Cominceremo con pochi, e poi piano piano si spera di allargare\u00bb.<\/p>\n<p><strong>Stiamo parlando di centri che oggi sono sotto la gestione del governo di Tripoli. <\/strong><\/p>\n<p>\u00abS\u00ec, partiamo ovviamente da quelli ma speriamo di allargarci\u00bb.<\/p>\n<p><strong>Le Ong dovranno subentrare al governo libico nella gestione dei centri? <\/strong><\/p>\n<p>\u00abPi\u00f9 che delle gestione dei centri abbiamo discusso del loro superamento su cui ci siano trovati d&#8217;accordo. Ma dobbiamo realisti e accordarci coi libici\u00bb.<\/p>\n<p><strong>Quando \u00e8 cominciato il lavoro della Guardia costiera libica si disse che i migranti fermati in mare sarebbero stati portati in centri di accoglienza Cos\u00ec per\u00f2 non \u00e8 stato. Non si rischia adesso di ripetere lo stesso errore? <\/strong><\/p>\n<p>\u00abDirei che proprio per questo c&#8217;\u00e8 bisogno dell&#8217;intervento dell&#8217;Unhcr, dell&#8217;Oim e delle Ong, per iniziare a lavorare in questi centri rendendoli, dove \u00e8 possibile, dignitosi e rispettosi dei diritti umani\u00bb.<\/p>\n<p><strong>Per questo intervento il governo ha gi\u00e0 stanziato sei milioni di euro. Cosa prevede il bando? <\/strong><\/p>\n<p>\u00abIl bando, gestito dall&#8217;ufficio dell&#8217;agenzia della cooperazione italiana a Tunisi, prevede l&#8217;intervento sanitario e assistenziale all&#8217;interno dei centri, ma anche a supporto della popolazione libica pi\u00f9 povera e in difficolt\u00e0 con cui gi\u00e0 le Ong operano. Inoltre chi gi\u00e0 lo fa potr\u00e0 occuparsi dei rimpatri assistiti\u00bb.<\/p>\n<p><strong>I tempi? <\/strong><\/p>\n<p>\u00abIl bando \u00e8 gi\u00e0 pronto e si sta procedendo alla scrittura e selezione di progetti. Speriamo di cominciare nel corso del mese di ottobre\u00bb.<\/p>\n","protected":false},"excerpt":{"rendered":"Dopo tre anni di assenza l&#8217;Unhcr, l&#8217;Agenzia delle nazioni unite per i rifugiati, si prepara a tornare in Libia, paese che era stata costretta a lasciare nel 2014 per motivi di sicurezza. E con lei operer\u00e0 nel paese nordafricano anche l&#8217;Organizzazione internazionale per le migrazioni (Oim). \u00abLa decisione \u00e8 stata presa la scorsa settimana all&#8217;Onu, [&hellip;]","protected":false},"author":1,"featured_media":0,"comment_status":"","ping_status":"","sticky":false,"template":"","format":"standard","meta":{"footnotes":""},"categories":[23],"tags":[399],"class_list":["post-23261","post","type-post","status-publish","format-standard","hentry","category-interviste","tag-vice-ministri-e-sottosegretari-precedenti"],"_links":{"self":[{"href":"https:\/\/www.esteri.it\/it\/wp-json\/wp\/v2\/posts\/23261","targetHints":{"allow":["GET"]}}],"collection":[{"href":"https:\/\/www.esteri.it\/it\/wp-json\/wp\/v2\/posts"}],"about":[{"href":"https:\/\/www.esteri.it\/it\/wp-json\/wp\/v2\/types\/post"}],"author":[{"embeddable":true,"href":"https:\/\/www.esteri.it\/it\/wp-json\/wp\/v2\/users\/1"}],"replies":[{"embeddable":true,"href":"https:\/\/www.esteri.it\/it\/wp-json\/wp\/v2\/comments?post=23261"}],"version-history":[{"count":0,"href":"https:\/\/www.esteri.it\/it\/wp-json\/wp\/v2\/posts\/23261\/revisions"}],"wp:attachment":[{"href":"https:\/\/www.esteri.it\/it\/wp-json\/wp\/v2\/media?parent=23261"}],"wp:term":[{"taxonomy":"category","embeddable":true,"href":"https:\/\/www.esteri.it\/it\/wp-json\/wp\/v2\/categories?post=23261"},{"taxonomy":"post_tag","embeddable":true,"href":"https:\/\/www.esteri.it\/it\/wp-json\/wp\/v2\/tags?post=23261"}],"curies":[{"name":"wp","href":"https:\/\/api.w.org\/{rel}","templated":true}]}}