{"id":23273,"date":"2017-08-13T14:42:17","date_gmt":"2017-08-13T12:42:17","guid":{"rendered":"https:\/\/www.esteri.it\/sala_stampa\/archivionotizie\/comunicati\/2017\/08\/intervista-a-angelino-alfano-alfano\/"},"modified":"2017-08-13T14:42:17","modified_gmt":"2017-08-13T12:42:17","slug":"intervista-a-angelino-alfano-alfano","status":"publish","type":"post","link":"https:\/\/www.esteri.it\/it\/sala_stampa\/archivionotizie\/interviste\/2017\/08\/intervista-a-angelino-alfano-alfano\/","title":{"rendered":"Intervista a Angelino Alfano &#8211; Alfano: migranti, ora la Libia controlla le coste = &#8220;Ora Tripoli controlla quelle acque pi\u00f9 equilibrio nel Mediterraneo&#8221;"},"content":{"rendered":"<p><strong>Intervista a <\/strong><strong>Angelino<\/strong><strong> <\/strong><strong>Alfano<\/strong><strong> &#8211; <\/strong><strong>Alfano<\/strong><strong>: migranti, ora la Libia controlla le coste = &#8220;Ora Tripoli controlla quelle acque pi\u00f9 equilibrio nel Mediterraneo&#8221; <\/strong><\/p>\n<p>(Francesca Schianchi., Roma)<\/p>\n<p><strong>\u00a0<\/strong><\/p>\n<p>\u00abDall&#8217;altra parte del Mediterraneo sta cambiando il vento: dobbiamo rapidamente aggiustare le vele e usarlo per stoppare il traffico di esseri umani\u00bb.<\/p>\n<p>Cosa intende, ministro Alfano?<\/p>\n<p>\u00abIl governo libico di Sarraj ha chiesto aiuto all&#8217;Italia, \u00e8 pronto a istituire la zona Sar nelle sue acque, a collaborare con l&#8217;Europa e investire sulla Guardia costiera: tutto questo \u00e8 sintomo di un riequilibrio in atto nel Mediterraneo. E le inchieste di alcune procure siciliane hanno creato il contesto &#8220;culturale&#8221; idoneo per ottenere il Codice delle Ong\u00bb.<\/p>\n<p>Ieri per\u00f2 Msf ha annunciato la sospensione dei soccorsi: non \u00e8 una buona notizia, non le pare?<\/p>\n<p>\u00abAnche la decisione di Msf rientra nel quadro di un riag giustamento degli equilibri: quelle acque non sono pi\u00f9 di nessuno, ma della Libia\u00bb.<\/p>\n<p>Col rischio per\u00f2, denuncia il presidente di Msf, di pi\u00f9 morti in mare e pi\u00f9 persone in Libia&#8230;<\/p>\n<p>\u00abDobbiamo evitare le morti in mare riducendo le partenze e contribuire economicamente perch\u00e9 i campi in Libia abbiano uno standard adeguato\u00bb.<\/p>\n<p>Il suo vice Giro dice che riportare i migranti in Libia \u00e8 condannarli all&#8217;inferno.<\/p>\n<p>\u00abInfatti il vero investimento \u00e8 quello economico: bisogna dare risorse all&#8217;Unhcr e all&#8217;Oim perch\u00e9 ci aiutino in Libia. Ne ho discusso qualche giorno fa col nuovo inviato dell&#8217;Onu Ghassan Salame\u00bb.<\/p>\n<p>Ma nel frattempo le condizioni sono queste. E&#8217; una scelta di Realpolitik? Si finge di non sapere cosa succede in Libia pur di risolvere il problema sulle nostre coste?<\/p>\n<p>\u00abNoi abbiamo fatto due scelte: quella di sottrarre guadagni criminali ai trafficanti &#8211; perch\u00e9 meno persone partono e meno i trafficanti guadagnano &#8211; e quella di finanziare le agenzie dell&#8217;Onu &#8211; Unhcr e Oim &#8211; per assicurare standard rispettosi dei diritti umani nei campi libici\u00bb.<\/p>\n<p>Il generate Haftar ha chiesto ieri 20 miliardi dall&#8217;Europa per controllare i flussi. Come risponde?<\/p>\n<p>\u00abE&#8217; quello che diciamo da mesi: chiusa la rotta balcanica con un accordo plurimiliardario con la Turchia, non ci si pu\u00f2 illudere che si possa risolvere il problema in Libia con qualche milione di euro. Serve un enorme, ripeto enorme, investimento economico dell&#8217;Europa in Libia e in Africa. L&#8217;Europa deve decidere se il tema migrazioni \u00e8 una priorit\u00e0 assoluta al pari dell&#8217;economia: per noi lo \u00e8\u00bb.<\/p>\n<p>E&#8217; vero, come dice Haftar, che il numero 2 dei nostri servizi gli ha chiesto scusa perch\u00e9 l&#8217;Italia non ha concordato con lui la missione in Libia?<\/p>\n<p>\u00abHo militanza a sufficienza nelle istituzioni per sapere che l&#8217;attivit\u00e0 dell&#8217;intelligence \u00e8 segreta: non si conferma e non si smentisce\u00bb.<\/p>\n<p>Il pr\u00e9sidente Macron ha sdoganato Haftar come interlocutore al pari di Sarraj: potremmo farlo anche noi? Qualcuno del governo potrebbe incontrarlo?<\/p>\n<p>\u00abNon ci vedrei nulla di male ne di strano: abbiamo sempre sostenuto il governo Sarraj legittimato dall&#8217;Onu, ma siamo anche stati i primi a dire che Haftar merita un ruolo di primo piano nella ricostruzione libica, sotto l&#8217;ombrello delle istituzioni civili. Sarebbe per\u00f2 illusorio pensare che loro siano gli unici depositari della soluzione libica. Finora ci sono stati troppi mediatori e pochi risultati: \u00e8 andata cosi perch\u00e9 era la coda del mandato di Kobler; ora, col nuovo inviato Onu, ogni Paese che ha lavorato per una soluzione, suppongo in buonafede, consegni a lui i propri risultati\u00bb.<\/p>\n<p>Sulla questione migranti c&#8217;\u00e8 sintonia con la cancelliera Merkel: possiamo sperare nell&#8217;aiuto dal l&#8217;Europa che \u00e8 mancato finora? \u00abPenso che dopo le elezioni tedesche, in settembre, ci saranno ancora di pi\u00f9 le condizioni per rilanciare la questione migratoria come priorit\u00e0 europea\u00bb.<\/p>\n<p>L&#8217;asse con la Germania serve anche a \u00abdifendersi\u00bb dall&#8217;atteggiamento poco solidale francese?<\/p>\n<p>\u00abNon credo sia questo il toma: quando si parla di immigrazione c&#8217;\u00e8 un&#8217;enorme comunanza di interessi, senza distinguo, e lo si vede dalla campagna elettorale austriaca a quella francese con la Le Pen\u00bb.<\/p>\n<p>A proposito di Francia: anche lei \u00e8 rimasto deluso da alcune sterzate nazionaliste dell&#8217;europeista Macron?<\/p>\n<p>\u00abAbbiamo tutti salutato positivamente la vittoria di Macron m chiave di argine agli antieuropeisti, e questa \u00e8 la cosa pi\u00f9 importante. Poi \u00e8 chiaro che tra Francia e Italia c&#8217;\u00e8 una sana, naturale, storica competizione su alcuni temi, consentita entro le norme e i principi della UE: piuttosto, non dobbiamo distrarci noi dal tutelare i nostri interessi strategici\u00bb.<\/p>\n<p>Assistiamo a scambi sempre pi\u00f9 alti tra Corea del Nord e Usa: c&#8217;\u00e8 il rischio di una guerra?<\/p>\n<p>\u00abL&#8217;impressione \u00e8 che i margini di manovra si stiano assottigliando progressivamente: c&#8217;\u00e8 una escalation verbale che pu\u00f2 produrre risultati imprevedibili. L&#8217;Italia in consiglio di sicurezza dell&#8217;Onu ha contribuito, all&#8217;unanimit\u00e0 con gli altri inclusi Russia e Cina, a inasprire le sanzioni contro Pyongyang per evitare conseguenze catastrofiche\u00bb.<\/p>\n<p>Un altro scenario di crisi \u00e8 quello del Venezuela&#8230;<\/p>\n<p>\u00abSi fermino violenze e soprusi e si avvii un processo inclusivo anche sulla base della road map tracciata dalla Santa Sede\u00bb.<\/p>\n","protected":false},"excerpt":{"rendered":"Intervista a Angelino Alfano &#8211; Alfano: migranti, ora la Libia controlla le coste = &#8220;Ora Tripoli controlla quelle acque pi\u00f9 equilibrio nel Mediterraneo&#8221; (Francesca Schianchi., Roma) \u00a0 \u00abDall&#8217;altra parte del Mediterraneo sta cambiando il vento: dobbiamo rapidamente aggiustare le vele e usarlo per stoppare il traffico di esseri umani\u00bb. Cosa intende, ministro Alfano? \u00abIl governo [&hellip;]","protected":false},"author":1,"featured_media":0,"comment_status":"","ping_status":"","sticky":false,"template":"","format":"standard","meta":{"footnotes":""},"categories":[23],"tags":[43,9,50,6,76,404],"class_list":["post-23273","post","type-post","status-publish","format-standard","hentry","category-interviste","tag-diritti-umani","tag-europa","tag-flussi-migratori","tag-mediterraneo-e-medio-oriente","tag-ministri-precedenti","tag-sicurezza"],"_links":{"self":[{"href":"https:\/\/www.esteri.it\/it\/wp-json\/wp\/v2\/posts\/23273","targetHints":{"allow":["GET"]}}],"collection":[{"href":"https:\/\/www.esteri.it\/it\/wp-json\/wp\/v2\/posts"}],"about":[{"href":"https:\/\/www.esteri.it\/it\/wp-json\/wp\/v2\/types\/post"}],"author":[{"embeddable":true,"href":"https:\/\/www.esteri.it\/it\/wp-json\/wp\/v2\/users\/1"}],"replies":[{"embeddable":true,"href":"https:\/\/www.esteri.it\/it\/wp-json\/wp\/v2\/comments?post=23273"}],"version-history":[{"count":0,"href":"https:\/\/www.esteri.it\/it\/wp-json\/wp\/v2\/posts\/23273\/revisions"}],"wp:attachment":[{"href":"https:\/\/www.esteri.it\/it\/wp-json\/wp\/v2\/media?parent=23273"}],"wp:term":[{"taxonomy":"category","embeddable":true,"href":"https:\/\/www.esteri.it\/it\/wp-json\/wp\/v2\/categories?post=23273"},{"taxonomy":"post_tag","embeddable":true,"href":"https:\/\/www.esteri.it\/it\/wp-json\/wp\/v2\/tags?post=23273"}],"curies":[{"name":"wp","href":"https:\/\/api.w.org\/{rel}","templated":true}]}}