{"id":23279,"date":"2017-08-07T09:05:48","date_gmt":"2017-08-07T07:05:48","guid":{"rendered":"https:\/\/www.esteri.it\/sala_stampa\/archivionotizie\/comunicati\/2017\/08\/giro-tenerli-in-libia-e-come-spedirli\/"},"modified":"2017-08-07T09:05:48","modified_gmt":"2017-08-07T07:05:48","slug":"giro-tenerli-in-libia-e-come-spedirli","status":"publish","type":"post","link":"https:\/\/www.esteri.it\/it\/sala_stampa\/archivionotizie\/interviste\/2017\/08\/giro-tenerli-in-libia-e-come-spedirli\/","title":{"rendered":"Giro: &#8220;Tenerli in Libia \u00e8 come spedirli in un inferno&#8221; (La Stampa)"},"content":{"rendered":"<p>\u00abLe nostre navi continueranno a raccogliere i migranti. Sarebbe auspicabile, anche quelli ospitati da imbarcazioni bloccate dalla Guardia costiera libica, quando le nostre imbarcazioni siano in condizione di poterlo fare. Perch\u00e9 riportarli in Libia, in questo momento, vuoi dire riportarli all&#8217;inferno\u00bb.<\/p>\n<p>L&#8217;impegno umanitario in questo complesso momento \u00e8, per il vice ministro agli Esteri Mario Giro, la stella polare dell&#8217;intervento italiano. Una posizione che assume una valenza ancor pi\u00f9 significativa nel giorno in cui la Marina militare libica ha annunciato l&#8217;arresto di 826 migranti in due diverse operazioni a Nord di Sabrata e Zawia.<\/p>\n<p><strong>Riportare semplicemente queste persone in Libia non garantisce la loro incolumit\u00e0 e non risolve le situazioni. <\/strong><\/p>\n<p>\u00abEsatto, i migranti finiscono in centri di detenzione nelle mani delle milizie, che ne approfittano per fare i loro commerci; questa politica non raggiunge nemmeno l&#8217;obiettivo di alleggerire la situazione, c&#8217;\u00e8 molta gente che vive su questi traffici. Per ora non \u00e8 stato possibile avere dei campi &#8220;normali&#8221; in Libia, sotto il controllo delle istituzioni internazionali, \u00e8 un obiettivo da raggiungere, quello reale\u00bb.<\/p>\n<p><strong>Per\u00f2 dopo la sfida di uno dei vice del premier Sarraj, anche il governo riconosciuto della Libia sembra ora diviso sulla nostra missione navale&#8230;<\/strong><\/p>\n<p>\u00abQuello che \u00e8 importante \u00e8 quello che pensa la parte pi\u00f9 forte, le milizie di Misurata e di Tripoli stessa, sappiamo ci sono diverse sensibilit\u00e0 anche nel governo di Tripoli\u00bb.<\/p>\n<p><strong>C&#8217;\u00e8 chi dice: non sar\u00e0 un errore il nostro asse privilegiato con Sarraj? Macron, in maniera per alcuni pi\u00f9 avveduta, ha invitato a Parigi sia il premier riconosciuto, sia Haftar, li ha voluti entrambi. <\/strong><\/p>\n<p>\u00abNon esiste un asse privilegiato, dialoghiamo con tutti e non abbiamo la pretesa di rimanere da soli. Non vogliamo dettare la linea ma partecipare a una soluzione che coinvolga tutti, gli altri Paesi europei, l&#8217;Egitto, la Turchia, i Paesi del Golfo, la Russia, gli Stati Uniti. Sappiamo che \u00e8 un percorso lungo. Ma dopo che una decisione sostanzialmente unilaterale, quella della Francia e della Gran Bretagna del 2011, ha prodotto l&#8217;attuale disastro, non ci sembra il caso di proseguire su quella strada\u00bb.<\/p>\n<p><strong>La questione Ong. Al di l\u00e0 delle inchieste, c&#8217;\u00e8 chi si chiede se, nei fatti, delle organizzazioni molto affini ideologicamente al mondo no global debbano decidere della politica immigratoria di un Paese. <\/strong><\/p>\n<p>\u00abNoi siamo sottoposti a una situazione che si \u00e8 creata negli anni di vuoto dopo Mare Nostrum, nel 2014 e nel 2015, in cui \u00e8 arrivato l&#8217;intervento di queste organizzazioni. Sulle inchieste, aspettiamo i risultati. Il codice Minniti serve intanto a ristabilire una fiducia reciproca tra tutte le parti in causa. Pu\u00f2 esserci dietro alcune Organizzazioni non governative un&#8217;ideologia &#8220;no border&#8221;, una sorta di estremismo umanitario; ma va compreso, di fronte alla tragedia che sta avvenendo. Preferisco un estremismo umanitario ad altri tipi di estremismi\u00bb.<\/p>\n<p><strong>La collaborazione con le Ong continuer\u00e0? <\/strong><\/p>\n<p>\u00abSu questo tema non bisogna scaldarsi troppo. Ci vuole un atteggiamento pragmatico che riconosca come le Organizzazioni non governative siano ormai divenute una componente imprescindibile del diritto internazionale umanitario\u00bb.<\/p>\n","protected":false},"excerpt":{"rendered":"\u00abLe nostre navi continueranno a raccogliere i migranti. Sarebbe auspicabile, anche quelli ospitati da imbarcazioni bloccate dalla Guardia costiera libica, quando le nostre imbarcazioni siano in condizione di poterlo fare. Perch\u00e9 riportarli in Libia, in questo momento, vuoi dire riportarli all&#8217;inferno\u00bb. L&#8217;impegno umanitario in questo complesso momento \u00e8, per il vice ministro agli Esteri Mario [&hellip;]","protected":false},"author":1,"featured_media":0,"comment_status":"","ping_status":"","sticky":false,"template":"","format":"standard","meta":{"footnotes":""},"categories":[23],"tags":[399],"class_list":["post-23279","post","type-post","status-publish","format-standard","hentry","category-interviste","tag-vice-ministri-e-sottosegretari-precedenti"],"_links":{"self":[{"href":"https:\/\/www.esteri.it\/it\/wp-json\/wp\/v2\/posts\/23279","targetHints":{"allow":["GET"]}}],"collection":[{"href":"https:\/\/www.esteri.it\/it\/wp-json\/wp\/v2\/posts"}],"about":[{"href":"https:\/\/www.esteri.it\/it\/wp-json\/wp\/v2\/types\/post"}],"author":[{"embeddable":true,"href":"https:\/\/www.esteri.it\/it\/wp-json\/wp\/v2\/users\/1"}],"replies":[{"embeddable":true,"href":"https:\/\/www.esteri.it\/it\/wp-json\/wp\/v2\/comments?post=23279"}],"version-history":[{"count":0,"href":"https:\/\/www.esteri.it\/it\/wp-json\/wp\/v2\/posts\/23279\/revisions"}],"wp:attachment":[{"href":"https:\/\/www.esteri.it\/it\/wp-json\/wp\/v2\/media?parent=23279"}],"wp:term":[{"taxonomy":"category","embeddable":true,"href":"https:\/\/www.esteri.it\/it\/wp-json\/wp\/v2\/categories?post=23279"},{"taxonomy":"post_tag","embeddable":true,"href":"https:\/\/www.esteri.it\/it\/wp-json\/wp\/v2\/tags?post=23279"}],"curies":[{"name":"wp","href":"https:\/\/api.w.org\/{rel}","templated":true}]}}