{"id":23282,"date":"2017-07-31T11:06:32","date_gmt":"2017-07-31T09:06:32","guid":{"rendered":"https:\/\/www.esteri.it\/sala_stampa\/archivionotizie\/comunicati\/2017\/07\/amendola-non-e-un-blocco-ma-la\/"},"modified":"2017-07-31T11:06:32","modified_gmt":"2017-07-31T09:06:32","slug":"amendola-non-e-un-blocco-ma-la","status":"publish","type":"post","link":"https:\/\/www.esteri.it\/it\/sala_stampa\/archivionotizie\/interviste\/2017\/07\/amendola-non-e-un-blocco-ma-la\/","title":{"rendered":"Amendola &#8211; &#8220;Non \u00e8 un blocco ma la prosecuzione di Mare sicuro&#8221;"},"content":{"rendered":"<p>Nessun blocco navale, soltanto \u00abla prosecuzione di Mare sicuro in acque libiche\u00bb. Lo assicura il sottosegretario agli Esteri Enzo Amendola, deputato del Partito democratico, nel giorno del via libera del governo alla missione. \u00abI tempi per la stabilizzazione della Libia sono medio-lunghi, quelli per risolvere la piaga del traffico di esseri umani sono assai pi\u00f9 stretti &#8211; ricorda &#8211; e dalla necessit\u00e0 di avvicinare queste due esigenze nasce l&#8217;operazione\u00bb.<\/p>\n<p><strong>Amendola, le precisazioni di Serraj sulle modalit\u00e0 della missione italiana complicano il quadro? <\/strong><\/p>\n<p>\u00abMa no, il sostegno \u00e8 stato richiesto con una lettera del governo e ribadito anche oggi. Gli interventi di Serraj e del loro ministero degli Esteri rispondono solo ad alcuni toni errati usati dalla stampa. \u00c8 chiaro che la loro sovranit\u00e0 nazionale non pu\u00f2 essere in discussione\u00bb.<\/p>\n<p><strong>Dall&#8217;opposizione, Berlusconi sostiene che non fate altro che copiare l&#8217;idea del blocco navale proposto dal centrodestra tempo fa. \u00c9 cos\u00ec o il leader di Forza Italia si sbaglia? <\/strong><\/p>\n<p>\u00abPremessa: mi auguro che ci sia il sostegno dell&#8217;opposizione &#8211; di tutta l&#8217;opposizione &#8211; alle iniziative che portiamo avanti in quell&#8217;area. Ma, a scanso di equivoci, vorrei precisare che la formula &#8220;blocco navale&#8221;, senza una risoluzione dell\u2019Onu, \u00e8 considerato un atto di guerra. Pensare poi di farlo su 1770 km di costa \u00e8 irrealistico anche dal punto di vista operativo. Nessun blocco navale, insomma, ma solo &#8220;Mare sicuro&#8221; dentro le acque libiche\u00bb.<\/p>\n<p><strong>Auspica dunque una sorta di unit\u00e0 nazionale? <\/strong><\/p>\n<p>\u00abGuardi, l&#8217;attenzione internazionale \u00e8 totale. Stiamo sperimentando un nuovo modello, fatto di accoglienza, gestione dei flussi e stabilizzazione di un Paese. Fronteggiamo quella che pu\u00f2 sembrare una tempesta perfetta, per questo l&#8217;unit\u00e0 nazionale serve innanzitutto all&#8217;Italia\u00bb.<\/p>\n<p><strong>Che cosa accade in caso di aggressioni armate da parte degli scafisti? <\/strong><\/p>\n<p>\u00abI libici non chiedono a noi di operare sul campo della deterrenza, vogliono innalzarne il livello di deterrenza con la loro Guardia costiera, ricostituita solo po chi mesi fa anche grazie al nostro aiuto. Il loro obiettivo \u00e8 fare da soli, ma per riuscirci ci hanno chiesto in questa fase di sostenerli dal punto di vista logistico\u00bb.<\/p>\n<p><strong>\u00c8 questa la soluzione definitiva all&#8217;emergenza migranti? <\/strong><\/p>\n<p>\u00abNon la metterei cos\u00ec, perch\u00e9 il modello \u00e8 complesso: penso ad esempio agli in vestimenti necessari per stabilizzare le zona del Sahel, o alla necessit\u00e0 di rendere \u00a0i sindaci della costa liberi dall&#8217;economia di questo nuovo schiavismo. Non esisti una ricetta unica, ma certo questo \u00e8 un tassello importante\u00bb.<\/p>\n","protected":false},"excerpt":{"rendered":"Nessun blocco navale, soltanto \u00abla prosecuzione di Mare sicuro in acque libiche\u00bb. Lo assicura il sottosegretario agli Esteri Enzo Amendola, deputato del Partito democratico, nel giorno del via libera del governo alla missione. \u00abI tempi per la stabilizzazione della Libia sono medio-lunghi, quelli per risolvere la piaga del traffico di esseri umani sono assai pi\u00f9 [&hellip;]","protected":false},"author":1,"featured_media":0,"comment_status":"","ping_status":"","sticky":false,"template":"","format":"standard","meta":{"footnotes":""},"categories":[23],"tags":[399],"class_list":["post-23282","post","type-post","status-publish","format-standard","hentry","category-interviste","tag-vice-ministri-e-sottosegretari-precedenti"],"_links":{"self":[{"href":"https:\/\/www.esteri.it\/it\/wp-json\/wp\/v2\/posts\/23282","targetHints":{"allow":["GET"]}}],"collection":[{"href":"https:\/\/www.esteri.it\/it\/wp-json\/wp\/v2\/posts"}],"about":[{"href":"https:\/\/www.esteri.it\/it\/wp-json\/wp\/v2\/types\/post"}],"author":[{"embeddable":true,"href":"https:\/\/www.esteri.it\/it\/wp-json\/wp\/v2\/users\/1"}],"replies":[{"embeddable":true,"href":"https:\/\/www.esteri.it\/it\/wp-json\/wp\/v2\/comments?post=23282"}],"version-history":[{"count":0,"href":"https:\/\/www.esteri.it\/it\/wp-json\/wp\/v2\/posts\/23282\/revisions"}],"wp:attachment":[{"href":"https:\/\/www.esteri.it\/it\/wp-json\/wp\/v2\/media?parent=23282"}],"wp:term":[{"taxonomy":"category","embeddable":true,"href":"https:\/\/www.esteri.it\/it\/wp-json\/wp\/v2\/categories?post=23282"},{"taxonomy":"post_tag","embeddable":true,"href":"https:\/\/www.esteri.it\/it\/wp-json\/wp\/v2\/tags?post=23282"}],"curies":[{"name":"wp","href":"https:\/\/api.w.org\/{rel}","templated":true}]}}