{"id":23286,"date":"2017-07-18T11:10:36","date_gmt":"2017-07-18T09:10:36","guid":{"rendered":"https:\/\/www.esteri.it\/sala_stampa\/archivionotizie\/comunicati\/2017\/07\/giro-niente-visti-ma-gia-diamo\/"},"modified":"2017-07-18T11:10:36","modified_gmt":"2017-07-18T09:10:36","slug":"giro-niente-visti-ma-gia-diamo","status":"publish","type":"post","link":"https:\/\/www.esteri.it\/it\/sala_stampa\/archivionotizie\/interviste\/2017\/07\/giro-niente-visti-ma-gia-diamo\/","title":{"rendered":"Giro: \u00abNiente visti ma gi\u00e0 diamo i permessi per lasciare l`Italia\u00bb (Il Mattino)"},"content":{"rendered":"<p>\u00abIntanto chiariamo un punto: non si tratta di visti, ma di permessi umanitari. E poi una precisazione: questi permessi li diamo gi\u00e0\u00bb. Il viceministro agli Esteri, Mario Giro, interviene sulla questione che sta agitando l&#8217;Ue: la concessione di permessi ai migranti, con cui questi potrebbero lasciare l&#8217;Italia.<\/p>\n<p><strong>Viceministro<\/strong><strong> Giro, cosa accade con questi documenti? <\/strong><\/p>\n<p>\u00abTutti quelli che sbarcano vengono identificati. Dopodich\u00e9, 1&#8217;80% di essi, a differenza di quanto accadeva fino all&#8217;anno scorso, chiede asilo. Della richiesta si occupa la commissione territoriale d&#8217;asilo, che ha varie possibilit\u00e0: darlo, rifiutarlo, darne uno temporaneo. In genere il 30% dei richiedenti, ottiene qualcosa. Il resto ricorre e in una seconda fase un terzo di essi prende un permesso. Vorrei ricordare quanto successo in Piemonte qualche tempo fa: dove alcuni imprenditori hanno chiesto che venisse accolta la richiesta, prima rifiutata, per alcuni loro collaboratori. La realt\u00e0 italiana non \u00e8 a senso unico contro i migranti\u00bb.<\/p>\n<p><strong>Un&#8217;altra strada per i permessi \u00e8 l&#8217;applicazione della direttiva europea 55 del 2001 <\/strong><\/p>\n<p>\u00abChe consente a uno Stato di concedere permessi temporanei, ma c&#8217;\u00e8 bisogno di una maggioranza qualificata del Consiglio europeo\u00bb.<\/p>\n<p><strong>La terza strada \u00e8 l&#8217;applicazione della Bossi-Fini. <\/strong><\/p>\n<p>\u00abQuella che nel 2011 consent\u00ec a Maroni, allora ministro degli Interni, di poter far passare oltre 60mila tunisini in Francia, con la quale si apr\u00ec una crisi da cui scaturisce l&#8217;attuale tensione al confine di Ventimiglia\u00bb.<\/p>\n<p><strong>Maroni dice che per applicarla c&#8217;\u00e8 bisogno di dichiarare lo stato d&#8217;emergenza <\/strong><\/p>\n<p>\u00abUn semplice atto formale, che comunque non abbiamo intenzione di emanare\u00bb.<\/p>\n<p><strong>Intanto il governo austriaco sta reagendo duramente alla proposta italiana<\/strong><\/p>\n<p>\u00abSi preoccupano. E va bene, basta capire il livello di preoccupazione. Qui per\u00f2 il punto \u00e8 un altro. Quando dall&#8217;Europa ci dicono &#8220;i vostri hotspot non funzionano&#8221;, lo fanno non perch\u00e9 noi non siamo bravi a identificare, ma perch\u00e9 vorrebbero che tenessimo i migranti pi\u00f9 a lungo possibile l\u00ec senza distribuirli sui territori, in modo da non dargli occasione di andare altrove. Insomma vorrebbero che i nostri hotspot diventassero un luogo di detenzione pi\u00f9 che di controllo. Ora Bruxelles ci manda 500 poliziotti da tutta Europa; dicono per aiutarci, in realt\u00e0 per controllarci. \u00c8 una decisione rivolta pi\u00f9 alle nostre istituzioni che alla risoluzione del problema. Ma devono capire che l&#8217;Italia non pu\u00f2 diventare il pi\u00f9 grande hotspot d&#8217;Europa. Ne tanto meno possono farci sentire m colpa perch\u00e9 salviamo vite umane.<\/p>\n<p><strong>La Merkel dice che non vuole tetti per migranti<\/strong><\/p>\n<p>\u00abUngeste simbolico, che comunque va apprezzato, anche se non significa esattamente frontiere aperte.<\/p>\n<p>Aggiungo che l&#8217;Austria, che pure pu\u00f2 apparire feroce, in realt\u00e0 accoglie 20 rifugiati ogni mille abitanti: la Germania \u00e8 a 15, noi a 4. \u00c8 stata molto accogliente. Mi aspetterei una maggiore volont\u00e0 dalla Francia di Macron. I grandi paesi devono contribuire in misura maggiore: quando sento chi se la prende con Malta, una piccola isola, mi viene da ridere\u00bb.<\/p>\n<p><strong>Molti sindaci italiani si sono messi alla testa della protesta contro gli arrivi <\/strong><\/p>\n<p>\u00abIntanto evitiamo i toni drammatici: abbiamo un aumento degli arrivi solo del 10%. Resto convinto delle grandi capacit\u00e0 di assorbimento della societ\u00e0 italiana. Siamo nel pieno di un lungo braccio di ferro negoziale con l&#8217;Europa, in cui \u00e8 importante non fare le vittime ed evitare gesti unilaterali che provocano nuovi gesti unilaterali in una catena di ritorsioni che non fa bene a nessuno\u00bb.<\/p>\n","protected":false},"excerpt":{"rendered":"\u00abIntanto chiariamo un punto: non si tratta di visti, ma di permessi umanitari. E poi una precisazione: questi permessi li diamo gi\u00e0\u00bb. Il viceministro agli Esteri, Mario Giro, interviene sulla questione che sta agitando l&#8217;Ue: la concessione di permessi ai migranti, con cui questi potrebbero lasciare l&#8217;Italia. Viceministro Giro, cosa accade con questi documenti? \u00abTutti [&hellip;]","protected":false},"author":1,"featured_media":0,"comment_status":"","ping_status":"","sticky":false,"template":"","format":"standard","meta":{"footnotes":""},"categories":[23],"tags":[399],"class_list":["post-23286","post","type-post","status-publish","format-standard","hentry","category-interviste","tag-vice-ministri-e-sottosegretari-precedenti"],"_links":{"self":[{"href":"https:\/\/www.esteri.it\/it\/wp-json\/wp\/v2\/posts\/23286","targetHints":{"allow":["GET"]}}],"collection":[{"href":"https:\/\/www.esteri.it\/it\/wp-json\/wp\/v2\/posts"}],"about":[{"href":"https:\/\/www.esteri.it\/it\/wp-json\/wp\/v2\/types\/post"}],"author":[{"embeddable":true,"href":"https:\/\/www.esteri.it\/it\/wp-json\/wp\/v2\/users\/1"}],"replies":[{"embeddable":true,"href":"https:\/\/www.esteri.it\/it\/wp-json\/wp\/v2\/comments?post=23286"}],"version-history":[{"count":0,"href":"https:\/\/www.esteri.it\/it\/wp-json\/wp\/v2\/posts\/23286\/revisions"}],"wp:attachment":[{"href":"https:\/\/www.esteri.it\/it\/wp-json\/wp\/v2\/media?parent=23286"}],"wp:term":[{"taxonomy":"category","embeddable":true,"href":"https:\/\/www.esteri.it\/it\/wp-json\/wp\/v2\/categories?post=23286"},{"taxonomy":"post_tag","embeddable":true,"href":"https:\/\/www.esteri.it\/it\/wp-json\/wp\/v2\/tags?post=23286"}],"curies":[{"name":"wp","href":"https:\/\/api.w.org\/{rel}","templated":true}]}}