{"id":23295,"date":"2017-07-12T10:16:40","date_gmt":"2017-07-12T08:16:40","guid":{"rendered":"https:\/\/www.esteri.it\/sala_stampa\/archivionotizie\/comunicati\/2017\/07\/della-vedova-il-grimaldello-che\/"},"modified":"2017-07-12T10:16:40","modified_gmt":"2017-07-12T08:16:40","slug":"della-vedova-il-grimaldello-che","status":"publish","type":"post","link":"https:\/\/www.esteri.it\/it\/sala_stampa\/archivionotizie\/interviste\/2017\/07\/della-vedova-il-grimaldello-che\/","title":{"rendered":"Della Vedova: &#8220;Il grimaldello che serviva per modificare l\u2019accordo&#8221; (La Repubblica)"},"content":{"rendered":"<p>\u00abSe passa il principio che l&#8217;ingresso non \u00e8 sempre illegale e puoi scegliere dove andare a chiedere protezione e asilo, \u00e8 evidente che si apre una via ragionevole di revisione del trattato di Dublino\u00bb. Ci spera eccome, il sottosegretario agli Esteri Benedetto Della Vedova, ex radicale, promotore dell&#8217;iniziativa politica &#8220;Forza Europa&#8221;. E con lui tutto il governo italiano, in attesa del responso di fine luglio.<\/p>\n<p><strong>Pu\u00f2 spiegare cosa accadr\u00e0 se la sentenza andr\u00e0 nella direziono sperata? <\/strong><\/p>\n<p>\u00abSuccede che l&#8217;interpretazione che oggi si d\u00e0 dell&#8217;accordo di Dublino, del vincolo alla gestione del migrante e della richiesta di asilo per il Paese di primo ingresso, salterebbe\u00bb.<\/p>\n<p><strong>La svolta riguarderebbe solo quel 15 per cento di rifugiati richiedenti asilo o tutti i migranti?<\/strong><\/p>\n<p><strong>\u00abRiguarderebbe tutti\u00bb.<\/strong><\/p>\n<p><strong>A quel punto il governo che farebbe? Accompagnerebbe oltre confine tutti colori che vogliono spostarsi in altri Paesi europei?<\/strong><\/p>\n<p>\u00a0\u00ab\u00c8 una questione che affronteremo in un secondo momento. Il punto decisivo di questa sentenza \u00e8 il riconoscimento del diritto di chi entra in Europa per vie legali di scegliere dove chiedere asilo. E noi riteniamo che l&#8217;approdo alle nostre coste attraverso sbarchi assistiti, per lo pi\u00f9 attraverso mezzi della nostra Marina, il successivo riconoscimento negli hotspot, non possa essere derubricato a ingresso illegale\u00bb.<\/p>\n<p><strong>Le conclusioni dell&#8217;Avvocata generale lasciano ben sperare? <\/strong><\/p>\n<p>\u00abSe le conclusioni fossero confermate, ne discenderebbe un&#8217;interpretazione autentica della norma totalmente diversa rispetto a quella passata attraverso la prassi del regolamento di Dublino\u00bb.<\/p>\n<p><strong>L&#8217;Italia non sarebbe pi\u00f9 isolata? <\/strong><\/p>\n<p>\u00abNo. E sarebbe un formidabile strumento di pressione per la revisione di Dublino\u00bb. \u0094<\/p>\n","protected":false},"excerpt":{"rendered":"\u00abSe passa il principio che l&#8217;ingresso non \u00e8 sempre illegale e puoi scegliere dove andare a chiedere protezione e asilo, \u00e8 evidente che si apre una via ragionevole di revisione del trattato di Dublino\u00bb. Ci spera eccome, il sottosegretario agli Esteri Benedetto Della Vedova, ex radicale, promotore dell&#8217;iniziativa politica &#8220;Forza Europa&#8221;. E con lui tutto [&hellip;]","protected":false},"author":1,"featured_media":0,"comment_status":"","ping_status":"","sticky":false,"template":"","format":"standard","meta":{"footnotes":""},"categories":[23],"tags":[399],"class_list":["post-23295","post","type-post","status-publish","format-standard","hentry","category-interviste","tag-vice-ministri-e-sottosegretari-precedenti"],"_links":{"self":[{"href":"https:\/\/www.esteri.it\/it\/wp-json\/wp\/v2\/posts\/23295","targetHints":{"allow":["GET"]}}],"collection":[{"href":"https:\/\/www.esteri.it\/it\/wp-json\/wp\/v2\/posts"}],"about":[{"href":"https:\/\/www.esteri.it\/it\/wp-json\/wp\/v2\/types\/post"}],"author":[{"embeddable":true,"href":"https:\/\/www.esteri.it\/it\/wp-json\/wp\/v2\/users\/1"}],"replies":[{"embeddable":true,"href":"https:\/\/www.esteri.it\/it\/wp-json\/wp\/v2\/comments?post=23295"}],"version-history":[{"count":0,"href":"https:\/\/www.esteri.it\/it\/wp-json\/wp\/v2\/posts\/23295\/revisions"}],"wp:attachment":[{"href":"https:\/\/www.esteri.it\/it\/wp-json\/wp\/v2\/media?parent=23295"}],"wp:term":[{"taxonomy":"category","embeddable":true,"href":"https:\/\/www.esteri.it\/it\/wp-json\/wp\/v2\/categories?post=23295"},{"taxonomy":"post_tag","embeddable":true,"href":"https:\/\/www.esteri.it\/it\/wp-json\/wp\/v2\/tags?post=23295"}],"curies":[{"name":"wp","href":"https:\/\/api.w.org\/{rel}","templated":true}]}}