{"id":23303,"date":"2017-06-30T11:25:18","date_gmt":"2017-06-30T09:25:18","guid":{"rendered":"https:\/\/www.esteri.it\/sala_stampa\/archivionotizie\/comunicati\/2017\/06\/giro-non-possiamo-vietare-gli-approdi\/"},"modified":"2017-06-30T11:25:18","modified_gmt":"2017-06-30T09:25:18","slug":"giro-non-possiamo-vietare-gli-approdi","status":"publish","type":"post","link":"https:\/\/www.esteri.it\/it\/sala_stampa\/archivionotizie\/interviste\/2017\/06\/giro-non-possiamo-vietare-gli-approdi\/","title":{"rendered":"Giro: &#8221; Non possiamo vietare gli approdi italiani &#8221; (Il fatto Quotidiano)"},"content":{"rendered":"<p>La normativa internazionale ci impedisce di chiudere i porti ma puoi aprirne altri: perch\u00e9 devono venire tutti in Italia? Ci sono navi di altre nazionalit\u00e0, ognuno si prenda i suoi&#8221;. Il viceministro degli Esteri, Mario Giro, ha le idee molto chiare sulle responsabilit\u00e0 dell&#8217;emergenza immigrati che l&#8217;Italia si trova a fronteggiare in questi giorni: &#8220;La <i>relocation <\/i>non ha funzionato, l&#8217;Italia \u00e8 un Paese membro e fondatore dell&#8217;Unione europea invece ci stanno trattando come la Turchia, con tutto il rispetto per quello Stato, un Paese dove si possono ammassare emigranti&#8221;.<\/p>\n<p><strong>In altri tempi sarebbe una dichiarazione di guerra&#8230; <\/strong><\/p>\n<p>Chiediamo semplicemente che l&#8217;Europa faccia la sua parte, non bastano solo proclami di solidariet\u00e0 come sono stati fatti anche oggi (ieri per chi legge, ndr), ci vuole una reale condivisione dell&#8217;accoglienza. L&#8217;Europa si metta in testa che non sono sufficienti i proclami ma neanche dare soldi, siamo anche stanchi di ricevere soltanto parole e mai gesti concreti di aiuto.<\/p>\n<p><strong>I confini a sud sono di fatto una frontiera aperta, serve una stretta normativa?<\/strong><\/p>\n<p>La stretta normativa non pu\u00f2 esistere sul piano della politica internazionale, le regole in mare obbligano a trarre in salvo i naufraghi. Pu\u00f2 esserci invece un cambiamento normativo nel trattato Dublino 3, stabilisce che tutti quanti debbano rimanere nel Paese dove vengono portati e qui ho un dubbio giuridico perch\u00e9 se tu salvi una persona in mare nelle acque internazionali non \u00e8 detto che debbano scattare gli accordi di Dublino.<\/p>\n<p><strong>Che cosa sta succedendo al di l\u00e0 del Mediterraneo? <\/strong><\/p>\n<p>In Libia non c&#8217;\u00e8 lo Stato, ma milizie e gruppi criminali. Altri Paesi di transito con Stati fragili sono il Niger il Burkina Faso, il Mali, il Ciad che so no sfidati dal terrorismo e dei quali dobbiamo assolutamente difendere la statualit\u00e0, altrimenti ci ritroviamo una seconda Libia. Il terzo livello sono i Paesi di provenienza. Qui stiamo facendo accordi una alla volta per favorire i rimpatri e per attuare programmi di investimenti che creino lavoro&#8221;.<\/p>\n<p><strong>\u00c8 giusto per lo Stato italiano che a regolare i flussi migratori intervengano privati come le Ong? <\/strong><\/p>\n<p>Questo delle Ong non \u00e8 un canale umanitario ma salvezza a mare. Il 10% dei salvataggi viene fatto dai mercantili, che lo faccia una nave da guerra o un&#8217;ong non cambia nulla. La Francia e la Germania, quando facemmo Mare nostrum, ci dicevano la stessa cosa, che facevamo da fattore di attrazione.<\/p>\n<p><strong>Provvedimenti di liberalizzazione come lo <i>ius soli<\/i> potrebbero incentivare le partenze?<\/strong><\/p>\n<p>\u00c8 una stupidaggine, non \u00e8 vero che arrivano donne incinte per partorire in Italia in modo che il figlio sia italiano; per lo <i>ius soli<\/i> temperato con lo ius culturae, previsto dalla proposta di legge, bisogna stare qua, essere riconosciuti, avere la residenza: un percorso che richiede dieci anni e coinvolge anche i genitori. Si parla di bambini che sono gi\u00e0 di fatto italiani.<\/p>\n","protected":false},"excerpt":{"rendered":"La normativa internazionale ci impedisce di chiudere i porti ma puoi aprirne altri: perch\u00e9 devono venire tutti in Italia? Ci sono navi di altre nazionalit\u00e0, ognuno si prenda i suoi&#8221;. Il viceministro degli Esteri, Mario Giro, ha le idee molto chiare sulle responsabilit\u00e0 dell&#8217;emergenza immigrati che l&#8217;Italia si trova a fronteggiare in questi giorni: &#8220;La [&hellip;]","protected":false},"author":1,"featured_media":0,"comment_status":"","ping_status":"","sticky":false,"template":"","format":"standard","meta":{"footnotes":""},"categories":[23],"tags":[399],"class_list":["post-23303","post","type-post","status-publish","format-standard","hentry","category-interviste","tag-vice-ministri-e-sottosegretari-precedenti"],"_links":{"self":[{"href":"https:\/\/www.esteri.it\/it\/wp-json\/wp\/v2\/posts\/23303","targetHints":{"allow":["GET"]}}],"collection":[{"href":"https:\/\/www.esteri.it\/it\/wp-json\/wp\/v2\/posts"}],"about":[{"href":"https:\/\/www.esteri.it\/it\/wp-json\/wp\/v2\/types\/post"}],"author":[{"embeddable":true,"href":"https:\/\/www.esteri.it\/it\/wp-json\/wp\/v2\/users\/1"}],"replies":[{"embeddable":true,"href":"https:\/\/www.esteri.it\/it\/wp-json\/wp\/v2\/comments?post=23303"}],"version-history":[{"count":0,"href":"https:\/\/www.esteri.it\/it\/wp-json\/wp\/v2\/posts\/23303\/revisions"}],"wp:attachment":[{"href":"https:\/\/www.esteri.it\/it\/wp-json\/wp\/v2\/media?parent=23303"}],"wp:term":[{"taxonomy":"category","embeddable":true,"href":"https:\/\/www.esteri.it\/it\/wp-json\/wp\/v2\/categories?post=23303"},{"taxonomy":"post_tag","embeddable":true,"href":"https:\/\/www.esteri.it\/it\/wp-json\/wp\/v2\/tags?post=23303"}],"curies":[{"name":"wp","href":"https:\/\/api.w.org\/{rel}","templated":true}]}}