{"id":23306,"date":"2017-05-22T11:01:36","date_gmt":"2017-05-22T09:01:36","guid":{"rendered":"https:\/\/www.esteri.it\/sala_stampa\/archivionotizie\/comunicati\/2017\/05\/i-consigli-degli-anziani-speranza\/"},"modified":"2017-05-22T11:01:36","modified_gmt":"2017-05-22T09:01:36","slug":"i-consigli-degli-anziani-speranza","status":"publish","type":"post","link":"https:\/\/www.esteri.it\/it\/sala_stampa\/archivionotizie\/interviste\/2017\/05\/i-consigli-degli-anziani-speranza\/","title":{"rendered":"Giro &#8211; I &#8220;consigli degli anziani&#8221; speranza del Sud Sudan (Avvenire)"},"content":{"rendered":"<p>Caro direttore, il Sud Sudan \u00e8 la crisi dimenticata pi\u00f9 grave dell&#8217;Africa odierna. Quasi due milioni di sfollati e 1,7 milioni di profughi nei Paesi vicini su una popolazione di circa 12 milioni di persone: questa \u00e8 la fotografia di un disastro umanitario, politico ed economico. In un Paese ricco di petrolio la gente \u00e8 alla fame, l&#8217;inflazione supera il 300%, non funziona nulla. Com&#8217;\u00e8 possibile che, dopo una trentennale guerra per l&#8217;indipendenza, il sogno del Sud Sudan stia naufragando, tanto che in molti pensano ormai che la nascita del nuovo Stato sia stata un errore? Vi sono vecchie ragioni, tra le quali la principale \u00e8 il mai risolto rapporto tra le etnie maggiori: Dinka, Nuer, Shilok e Zande. Antichi rancori, legati al controllo della terra e alle diverse tradizioni, risalenti a decine &#8211; talvolta centinaia &#8211; di anni fa, infiammano ancora l&#8217;immaginario delle persone e vengono manipolati dai leader rispettivi, quali la &#8220;profezia&#8221; che predirebbe l&#8217;avvento di un leader &#8220;mancino&#8221;. Poi vi sono motivi pi\u00f9 attuali, come il controllo del petrolio e altre risorse geologiche, una reale maledizione per un Paese cosi povero. Dall&#8217;indipendenza del 2011 la qualit\u00e0 della vita \u00e8 se possibile peggiorata, soprattutto in zona rurale, con malcelata soddisfazione del Sudan (il nord) che non perde occasione per sottolineare il <i>failed State<\/i> creato dall&#8217;Occidente. Nelle sue ultime fasi il conflitto oppone il governo del presidente Salva Kiir Mayardit e l&#8217;oppositore storico Riek Machar, attualmente trattenuto in Sud Africa. Ma l&#8217;opposizione \u00e8 pi\u00f9 ampia dei sostenitori armati di Machar: c&#8217;\u00e8 il generale Cirillo del National Salvation Front, che controlla un pezzo di Paese; i partiti non armati; gli ex membri del Spla che fanno riferimento a Pagan Amon, gi\u00e0 storico segretario generale del movimento, e a Rebecca, la vedova del fondatore John Garang. Tutti criticano l&#8217;accordo di pace imposto dalle Nazioni Unite nel 2015, che in effetti non ha funzionato. Il cessate il fuoco \u00e8 stato rotto quasi subito e ora le zone di combattimento sono a macchia di leopardo, e ci\u00f2 rende, se possibile, ancora pi\u00f9 difficile l&#8217;azione degli operatori umanitari. Salva Kiir ha messo in piedi un National Dialogue ma la met\u00e0 degli oltre 100 membri della commissione che avrebbe dovuto lanciarlo e svilupparlo non hanno accettato di fame parte. In un quadro cos\u00ec cupo, una speranza pu\u00f2 venire dai &#8220;Consigli degli anziani&#8221;, gli Elders: ogni etnia ne ha uno e, sebbene gli &#8220;anziani&#8221; siano i difensori delle prerogative etniche e spesso siano anche contaminati da ideologie suprematiste, sono anche in contatto diretto con la popolazione e subiscono le pressioni che vengono dalla base. Non potendo essere smentiti dai partiti e dai rappresentanti politici a cui fanno riferimento, gli &#8220;anziani&#8221; dinka, nuer, zande e shilok potrebbero incontrarsi per mettere fine una volta per tutte ai sospetti atavici che dividono le comunit\u00e0. Nessuno pu\u00f2 impedirglielo: c&#8217;\u00e8 da sperare che non si sottraggano a tale responsabilit\u00e0. Solo allora la comunit\u00e0 internazionale, ora impossibilitata a propiziare e ingiungere una nuova soluzione per le popolazioni di queste martoriate terre, potr\u00e0 avere una base sulla quale impegnarsi per ridare speranza ai sud sudanesi.<\/p>\n","protected":false},"excerpt":{"rendered":"Caro direttore, il Sud Sudan \u00e8 la crisi dimenticata pi\u00f9 grave dell&#8217;Africa odierna. Quasi due milioni di sfollati e 1,7 milioni di profughi nei Paesi vicini su una popolazione di circa 12 milioni di persone: questa \u00e8 la fotografia di un disastro umanitario, politico ed economico. In un Paese ricco di petrolio la gente \u00e8 [&hellip;]","protected":false},"author":1,"featured_media":0,"comment_status":"","ping_status":"","sticky":false,"template":"","format":"standard","meta":{"footnotes":""},"categories":[23],"tags":[31,399],"class_list":["post-23306","post","type-post","status-publish","format-standard","hentry","category-interviste","tag-africa","tag-vice-ministri-e-sottosegretari-precedenti"],"_links":{"self":[{"href":"https:\/\/www.esteri.it\/it\/wp-json\/wp\/v2\/posts\/23306","targetHints":{"allow":["GET"]}}],"collection":[{"href":"https:\/\/www.esteri.it\/it\/wp-json\/wp\/v2\/posts"}],"about":[{"href":"https:\/\/www.esteri.it\/it\/wp-json\/wp\/v2\/types\/post"}],"author":[{"embeddable":true,"href":"https:\/\/www.esteri.it\/it\/wp-json\/wp\/v2\/users\/1"}],"replies":[{"embeddable":true,"href":"https:\/\/www.esteri.it\/it\/wp-json\/wp\/v2\/comments?post=23306"}],"version-history":[{"count":0,"href":"https:\/\/www.esteri.it\/it\/wp-json\/wp\/v2\/posts\/23306\/revisions"}],"wp:attachment":[{"href":"https:\/\/www.esteri.it\/it\/wp-json\/wp\/v2\/media?parent=23306"}],"wp:term":[{"taxonomy":"category","embeddable":true,"href":"https:\/\/www.esteri.it\/it\/wp-json\/wp\/v2\/categories?post=23306"},{"taxonomy":"post_tag","embeddable":true,"href":"https:\/\/www.esteri.it\/it\/wp-json\/wp\/v2\/tags?post=23306"}],"curies":[{"name":"wp","href":"https:\/\/api.w.org\/{rel}","templated":true}]}}