{"id":23310,"date":"2017-05-10T11:08:53","date_gmt":"2017-05-10T09:08:53","guid":{"rendered":"https:\/\/www.esteri.it\/sala_stampa\/archivionotizie\/comunicati\/2017\/05\/giro-cooperazione-internazionale\/"},"modified":"2017-05-10T11:08:53","modified_gmt":"2017-05-10T09:08:53","slug":"giro-cooperazione-internazionale","status":"publish","type":"post","link":"https:\/\/www.esteri.it\/it\/sala_stampa\/archivionotizie\/interviste\/2017\/05\/giro-cooperazione-internazionale\/","title":{"rendered":"Giro:  \u00abCooperazione internazionale, occasione di lavoro per i giovani\u00bb (Corriere del Trentino)"},"content":{"rendered":"<p>\u00abTrento \u00e8 un&#8217;eccellenza nella cooperazione internazionale. Con la Provincia, che ha una sua tradizione nel settore, stiamo lavorando a un progetto per l&#8217;Uganda. Riguardo ai giovani, a loro illustrer\u00f2 tutte le opportunit\u00e0 nelle organizzazioni internazionali: opportunit\u00e0 vere, di carriera, non solo volontaristiche. Possono costruirsi un futuro all&#8217;estero\u00bb. Mario Giro, viceministro agli affari esteri, anticipa il tema del suo intervento al dipartimento di Sociologia, oggi pomeriggio. \u00abLavorare nella cooperazione internazionale\u00bb \u00e8 il titolo del seminario che inizia alle 14.15, con i saluti di Paolo Collini, rettore, e di Sara Ferrari, assessora provinciale.<\/p>\n<p>Il titolare della delega alla cooperazione internazionale nel governo Gentiloni parler\u00e0 alle 14.35. Successivamente verr\u00e0 dato spazio anche alle testimonianze sul campo e al dialogo fra il viceministro, gli studenti e gli operatori del settore. Modera Enrico Franco, direttore del Corriere del Trentino.<\/p>\n<p><strong>Quali opportunit\u00e0 si presentano al ministero e nelle organizzazioni internazionali? <\/strong><\/p>\n<p>\u00abLa nuova cooperazione internazionale \u00e8 sicuramente una possibilit\u00e0 valida per i giovani. Mostrer\u00f2 le slide con tutte le opzioni per le carriere e le strategie di entrata efficaci. L&#8217;elenco comprende campi di lavoro all&#8217;estero, servizio civile internazionale, servizio volontario europeo. E poi le selezioni nell&#8217;Unione europea, il JpoJunior professional officer, esperienza formativa di due anni nelle organizzazioni del sistema Onu, e ancora il concorso diplomatico al ministero degli esteri, i tirocini nelle rappresentanze diplomatiche italiane all&#8217;estero, il concorso per i funzionari junior dell&#8217;Agenzia italiana per la cooperazione allo sviluppo, le figure degli addetti alla promozione culturale presso ambasciate e istituti italiani di cultura. Insomma, le opportunit\u00e0 non mancano\u00bb.<\/p>\n<p><strong>Non solo stage quindi, ma strade che vale la pena provare? <\/strong><\/p>\n<p>\u00abS\u00ec, il messaggio \u00e8 che si pu\u00f2 andare all&#8217;estero non solo per infilarsi in un pub inglese. Si possono anche costruire carriere, scommetterci la vita. I giovani trentini e italiani possono aprirsi al mondo non soltanto in iniziative volontaristiche, ma per qualcosa di serio, formativo e professionale\u00bb.<\/p>\n<p><strong>A Trento viene anche per conoscere l&#8217;esperienza nella solidariet\u00e0 con i Paesi in via di sviluppo? <\/strong><\/p>\n<p>\u00abIn realt\u00e0, con questo territorio siamo costantemente in contatto. Abbiamo diverse cose in ballo con la Provincia. Faremo delle visite assieme all&#8217;assessora Sara Ferrari. Tra le iniziative c&#8217;\u00e8 un progetto per l&#8217;Uganda\u00bb.<\/p>\n<p><strong>L&#8217;esempio locale \u00e8 positivo? <\/strong><\/p>\n<p>\u00abTrento \u00e8 un&#8217;eccellenza nella cooperazione allo sviluppo italiana. La Provincia ha una sua tradizione nel campo. Anche le organizzazioni non governative sono performanti\u00bb.<\/p>\n","protected":false},"excerpt":{"rendered":"\u00abTrento \u00e8 un&#8217;eccellenza nella cooperazione internazionale. Con la Provincia, che ha una sua tradizione nel settore, stiamo lavorando a un progetto per l&#8217;Uganda. Riguardo ai giovani, a loro illustrer\u00f2 tutte le opportunit\u00e0 nelle organizzazioni internazionali: opportunit\u00e0 vere, di carriera, non solo volontaristiche. Possono costruirsi un futuro all&#8217;estero\u00bb. Mario Giro, viceministro agli affari esteri, anticipa il [&hellip;]","protected":false},"author":1,"featured_media":0,"comment_status":"","ping_status":"","sticky":false,"template":"","format":"standard","meta":{"footnotes":""},"categories":[23],"tags":[399],"class_list":["post-23310","post","type-post","status-publish","format-standard","hentry","category-interviste","tag-vice-ministri-e-sottosegretari-precedenti"],"_links":{"self":[{"href":"https:\/\/www.esteri.it\/it\/wp-json\/wp\/v2\/posts\/23310","targetHints":{"allow":["GET"]}}],"collection":[{"href":"https:\/\/www.esteri.it\/it\/wp-json\/wp\/v2\/posts"}],"about":[{"href":"https:\/\/www.esteri.it\/it\/wp-json\/wp\/v2\/types\/post"}],"author":[{"embeddable":true,"href":"https:\/\/www.esteri.it\/it\/wp-json\/wp\/v2\/users\/1"}],"replies":[{"embeddable":true,"href":"https:\/\/www.esteri.it\/it\/wp-json\/wp\/v2\/comments?post=23310"}],"version-history":[{"count":0,"href":"https:\/\/www.esteri.it\/it\/wp-json\/wp\/v2\/posts\/23310\/revisions"}],"wp:attachment":[{"href":"https:\/\/www.esteri.it\/it\/wp-json\/wp\/v2\/media?parent=23310"}],"wp:term":[{"taxonomy":"category","embeddable":true,"href":"https:\/\/www.esteri.it\/it\/wp-json\/wp\/v2\/categories?post=23310"},{"taxonomy":"post_tag","embeddable":true,"href":"https:\/\/www.esteri.it\/it\/wp-json\/wp\/v2\/tags?post=23310"}],"curies":[{"name":"wp","href":"https:\/\/api.w.org\/{rel}","templated":true}]}}