{"id":23337,"date":"2017-03-15T08:59:47","date_gmt":"2017-03-15T07:59:47","guid":{"rendered":"https:\/\/www.esteri.it\/sala_stampa\/archivionotizie\/comunicati\/2017\/03\/giro-errori-e-lentezze-dell-europa\/"},"modified":"2017-03-15T08:59:47","modified_gmt":"2017-03-15T07:59:47","slug":"giro-errori-e-lentezze-dell-europa","status":"publish","type":"post","link":"https:\/\/www.esteri.it\/it\/sala_stampa\/archivionotizie\/interviste\/2017\/03\/giro-errori-e-lentezze-dell-europa\/","title":{"rendered":"Giro: &#8220;Errori e lentezze dell\u2019Europa, ma per la pace bisogna riuscire a dialogare con tutti&#8221; (Il fatto Quotidiano)"},"content":{"rendered":"<p>Mario Giro, vice-ministro degli Esteri e responsabile della Cooperazione \u00e8 a Parigi dove il governo Hollande, sull&#8217;esempio dell&#8217;Italia, ha appena decretato l&#8217;apertura dei corridoi umanitari per i profughi siriani.<\/p>\n<p><strong>Nell&#8217;intervista rilasciata al Fatto Bashar al-Assad critica l&#8217;Europa per la presenza dei jihadisti in Siria e anche per la situazione dei profughi. Critiche, pur provenienti da un dittatore, in qualche modo condivisibili? <\/strong><\/p>\n<p>Dico subito che nel conflitto siriano l&#8217;Italia non si \u00e8 schierata al contrario di altri partner europei. Si \u00e8 astenuta dall&#8217;accondiscendere a un conflitto che compie 6 anni con centinaia di migliaia di vittime, milioni di profughi, anche ricordando l&#8217;errore commesso da altri nel recente passato, e penso alla Libia. Era chiaro sin da subito che in questa guerra non c&#8217;erano buoni. Posso apprezzare la chiamata al dialogo annunciata da Assad, anche se mi viene da dire: era ora&#8230; Spero possa essere in grado di riunire davvero tutti i paesi interessati, dall&#8217;Arabia Saudita agli Usa e che conferma proprio quanto sia stato saggio non schierarsi.<\/p>\n<p><strong>L&#8217;Italia ha avuto posizioni meno critiche di altri in Europa nei confronti di russi e iraniani molto influenti con il regime siriano. Siamo in grado di poter svolgere ancora un ruolo di mediazione? <\/strong><\/p>\n<p>Quando Assad dice che non c&#8217;\u00e8 pi\u00f9 equilibrio all&#8217;Onu da quando non c&#8217;\u00e8 pi\u00f9 l&#8217;Unione Sovietica sottolinea una questione che a molti pu\u00f2 sembrare non rilevante ma della quale va tenuto conto: per tanti Stati se le Nazioni Unite hanno perso reputazione vuoi dire che non le riconoscono pi\u00f9 influenza e dunque capacit\u00e0 di mediazione. Purtroppo con Mosca e Teheran s&#8217;\u00e8 persa l&#8217;occasione di coinvolgerli politicamente prima che si auto-coinvolgessero militarmente; siamo ancora disponibili a usare le nostre capacit\u00e0 di mediazione. Certo, 6 anni dopo \u00e8 molto pi\u00f9 difficile riuscire a tornare a una situazione accettabile, dopo che intere citt\u00e0- come Aleppo &#8211; non ci sono praticamente pi\u00f9. Tornare al prima \u00e8 complicato e c&#8217;\u00e8 l&#8217;amarezza di aver lasciato andare la guerra.<\/p>\n<p><strong>Tempo \u00e8 stato perso anche per l&#8217;ordine sparso in cui si \u00e8 mossa l&#8217;Europa, come sulla questione dei rifugiati? <\/strong><\/p>\n<p>Ordine sparsissimo purtroppo. Ma abbiamo un altro fronte sul quale cercare di non ripetere l&#8217;errore: la Libia. Siamo impegnati in un faticoso lentissimo lavoro di dialogo tra le fazioni; abbiamo ottenuto l&#8217;embargo delle armi pesanti, che pu\u00f2 apparire di poco conto, ma ha permesso che le citt\u00e0 restassero in piedi, evitare la completa discesa all&#8217;inferno come in Siria. E i libici vivono ancora tutti nel loro paese, non come i siriani.<\/p>\n<p><strong>Anche in Libia bisogna avere a che fare con la Russia. <\/strong><\/p>\n<p>Se i russi possono aiutare a trovare una soluzione, ben vengano. I tempi di ricomposizione di un Paese frantumato sono sempre molto lunghi: guardiamo a cosa \u00e8 accaduto in Siria, ma anche in Yemen, e ancor prima in Iraq. Non ci sono soluzioni miracolistiche, ma qualcosa \u00e8 stato fatto e se i libici cominciassero a scappare non potrebbero che venire da noi. Perci\u00f2 a strumenti come i corridoi umanitari che dimostrano di funzionare, al contrario delle <i>relocation<\/i>, ne vanno aggiunti altri, come il <i>migration<\/i> <i>compact<\/i>, ancora in discussione all&#8217;Europarlamento. A ostacolare la ricerca di soluzioni efficaci c&#8217;\u00e8 anche il &#8220;fronte interno&#8221; tanto pi\u00f9 ora che c&#8217;\u00e8 odore di elezioni: l&#8217;ascesa di populismi contagiosi, mentre da noi manca ancora la legge sull&#8217;integrazione che dovrebbe essere argomento bipartisan. Sui migranti prevale una narrazione &#8220;cattivista&#8221;, che contrappone italiani in difficolt\u00e0 &#8211; i poveri di casa nostra &#8211; e chi manipola la loro rabbia, contro l&#8217;immigrato usurpatore. Cos\u00ec si prolunga solo l&#8217;esistenza di ghetti come quello di Rignano Garganico.<\/p>\n","protected":false},"excerpt":{"rendered":"Mario Giro, vice-ministro degli Esteri e responsabile della Cooperazione \u00e8 a Parigi dove il governo Hollande, sull&#8217;esempio dell&#8217;Italia, ha appena decretato l&#8217;apertura dei corridoi umanitari per i profughi siriani. Nell&#8217;intervista rilasciata al Fatto Bashar al-Assad critica l&#8217;Europa per la presenza dei jihadisti in Siria e anche per la situazione dei profughi. Critiche, pur provenienti da [&hellip;]","protected":false},"author":1,"featured_media":0,"comment_status":"","ping_status":"","sticky":false,"template":"","format":"standard","meta":{"footnotes":""},"categories":[23],"tags":[399],"class_list":["post-23337","post","type-post","status-publish","format-standard","hentry","category-interviste","tag-vice-ministri-e-sottosegretari-precedenti"],"_links":{"self":[{"href":"https:\/\/www.esteri.it\/it\/wp-json\/wp\/v2\/posts\/23337","targetHints":{"allow":["GET"]}}],"collection":[{"href":"https:\/\/www.esteri.it\/it\/wp-json\/wp\/v2\/posts"}],"about":[{"href":"https:\/\/www.esteri.it\/it\/wp-json\/wp\/v2\/types\/post"}],"author":[{"embeddable":true,"href":"https:\/\/www.esteri.it\/it\/wp-json\/wp\/v2\/users\/1"}],"replies":[{"embeddable":true,"href":"https:\/\/www.esteri.it\/it\/wp-json\/wp\/v2\/comments?post=23337"}],"version-history":[{"count":0,"href":"https:\/\/www.esteri.it\/it\/wp-json\/wp\/v2\/posts\/23337\/revisions"}],"wp:attachment":[{"href":"https:\/\/www.esteri.it\/it\/wp-json\/wp\/v2\/media?parent=23337"}],"wp:term":[{"taxonomy":"category","embeddable":true,"href":"https:\/\/www.esteri.it\/it\/wp-json\/wp\/v2\/categories?post=23337"},{"taxonomy":"post_tag","embeddable":true,"href":"https:\/\/www.esteri.it\/it\/wp-json\/wp\/v2\/tags?post=23337"}],"curies":[{"name":"wp","href":"https:\/\/api.w.org\/{rel}","templated":true}]}}