{"id":23338,"date":"2017-03-13T08:36:20","date_gmt":"2017-03-13T07:36:20","guid":{"rendered":"https:\/\/www.esteri.it\/sala_stampa\/archivionotizie\/comunicati\/2017\/03\/giro-perche-va-dichiarata-la-guerra\/"},"modified":"2017-03-13T08:36:20","modified_gmt":"2017-03-13T07:36:20","slug":"giro-perche-va-dichiarata-la-guerra","status":"publish","type":"post","link":"https:\/\/www.esteri.it\/it\/sala_stampa\/archivionotizie\/interviste\/2017\/03\/giro-perche-va-dichiarata-la-guerra\/","title":{"rendered":"Giro: \u201cPerch\u00e9 va dichiarata la guerra alla povert\u00e0, non ai poveri\u201d (Il Foglio)"},"content":{"rendered":"<p>Dicono che all&#8217;Anci i sindaci vogliano pi\u00f9 poteri repressivi. Purtroppo per molti il concetto di &#8220;sicurezza&#8221; coincide con &#8220;decoro urbano&#8221;. C&#8217;\u00e8 chi annuncia il divieto di rovistare nei cassonetti e chi vuole raddoppiare agli immigrati il tempo accordato per accedere alla graduatoria degli alloggi popolari (anticostituzionale). Qualcun altro dice che fare l&#8217;elemosina comprometterebbe la vivibilit\u00e0 nonch\u00e9 la &#8220;mobilit\u00e0&#8221; nelle nostre citt\u00e0. Davvero? Ce la vogliamo prendere con gli ultimi degli ultimi? Consiglio di leggere &#8220;L&#8217;attesa della povera gente&#8221; di Giorgio la Pira, E magari di occuparsi di trasporto pubblico. A Treviso si lasciano costruire muri e gated communities, tipo apartheid. \u00c8 un messaggio sociale e politico micidiale: ognuno faccia da s\u00e9. A Ventimiglia si vieta con un&#8217;ordinanza di dar da mangiare gratuitamente ai migranti, di fare elemosina, mettendosi contro la nostra identit\u00e0 storica, culturale e religiosa. Si dice che &#8220;sicurezza \u00e8 parola di sinistra&#8221;. Certo, \u00e8 ovvio. Infatti il problema non \u00e8 &#8220;sicurezza&#8221; ma &#8220;sicurezza per chi?&#8221;. Se la sicurezza \u00e8 solo per alcuni, non importa chi, siamo tutti destinati all&#8217;insicurezza. &#8220;Ma anche gli italiani sono poveri&#8221;, si ricorda giustamente. I dati Istat sulla povert\u00e0 sono gravi per un paese occidentale. Siamo di fronte a due emergenze: le famiglie italiane povere e gli immigrati. Eppure, la soluzione dell&#8217;una dipende dall&#8217;altra e viceversa, come dimostrano anche gli allarmanti dati demografici appena pubblicati (non facciamo pi\u00f9 figli e siamo il paese con pi\u00f9 anziani al mondo dopo il Giappone). Eppure la narrazione urbana sembra contrapporre fatalmente questi due pezzi di societ\u00e0. Servirebbero soluzioni politiche, si dice. La norma universalistica per i pi\u00f9 poveri approvata ieri \u00e8 un&#8217;ottima notizia in questo senso. Il reddito di inclusione si rivolge a quasi due milioni di Italiani poveri. Manca ancora una norma che copra tutti gli italiani in forte disagio (circa 8 milioni) ma si inizia comunque dalla fascia pi\u00f9 bassa. E questo \u00e8 un&#8217;assoluta novit\u00e0. L&#8217;Italia era uno dei soli due paesi di Europa a non avere una norma contro la povert\u00e0, assieme alla Grecia. In questi anni si \u00e8 parlato fino alla noia di coesione sociale, ma la sensazione \u00e8 che questa espressione si fosse quasi svuotata di reale peso specifico. La coesione \u00e8 innanzitutto relazione tra individui, qualcosa di molto concreto. Tra i pregi del ddl povert\u00e0 c&#8217;\u00e8 il ribaltamento creativo dell&#8217;assistenzialismo perch\u00e9 prevede, accanto all&#8217;assegno, un diretto sostegno all&#8217;inclusione sociale e lavorativa. Nell&#8217;ambito dell&#8217;attuazione delle misure previste dal disegno di legge \u00e8 poi fondamentale che vi sia un processo di inclusione anche dei minori, che si tenga conto cio\u00e8 del benessere dei bambini, delle fragilit\u00e0 dei nuclei famigliari e dell&#8217;importanza di creare piani di intervento personalizzati. Non basta simpatizzare con l&#8217;hashtag #restiamoumani, che pur va rammentato, ma bisogna saper affrontare fattualmente i problemi dal basso, per tutti. Di questa prova voglio ringraziare personalmente il premier Paolo Gentiloni, che ha dimostrato capacit\u00e0 di ascolto e passione civile. I sindaci per primi possono esultare. Il &#8220;neocattivismo&#8221; in nome del decoro dei primi cittadini ci render\u00e0 ancora pi\u00f9 insicuri, perch\u00e9 esalta le differenze e semina odio. Meglio cambiar strada. Dichiariamo guerra alla povert\u00e0 non ai poveri, questo \u00e8 il segnale che vieni dal governo. Seguire questa via sarebbe, per tutti, la misura pi\u00f9 securitaria che possiamo immaginare.<\/p>\n","protected":false},"excerpt":{"rendered":"Dicono che all&#8217;Anci i sindaci vogliano pi\u00f9 poteri repressivi. Purtroppo per molti il concetto di &#8220;sicurezza&#8221; coincide con &#8220;decoro urbano&#8221;. C&#8217;\u00e8 chi annuncia il divieto di rovistare nei cassonetti e chi vuole raddoppiare agli immigrati il tempo accordato per accedere alla graduatoria degli alloggi popolari (anticostituzionale). Qualcun altro dice che fare l&#8217;elemosina comprometterebbe la vivibilit\u00e0 [&hellip;]","protected":false},"author":1,"featured_media":0,"comment_status":"","ping_status":"","sticky":false,"template":"","format":"standard","meta":{"footnotes":""},"categories":[23],"tags":[399],"class_list":["post-23338","post","type-post","status-publish","format-standard","hentry","category-interviste","tag-vice-ministri-e-sottosegretari-precedenti"],"_links":{"self":[{"href":"https:\/\/www.esteri.it\/it\/wp-json\/wp\/v2\/posts\/23338","targetHints":{"allow":["GET"]}}],"collection":[{"href":"https:\/\/www.esteri.it\/it\/wp-json\/wp\/v2\/posts"}],"about":[{"href":"https:\/\/www.esteri.it\/it\/wp-json\/wp\/v2\/types\/post"}],"author":[{"embeddable":true,"href":"https:\/\/www.esteri.it\/it\/wp-json\/wp\/v2\/users\/1"}],"replies":[{"embeddable":true,"href":"https:\/\/www.esteri.it\/it\/wp-json\/wp\/v2\/comments?post=23338"}],"version-history":[{"count":0,"href":"https:\/\/www.esteri.it\/it\/wp-json\/wp\/v2\/posts\/23338\/revisions"}],"wp:attachment":[{"href":"https:\/\/www.esteri.it\/it\/wp-json\/wp\/v2\/media?parent=23338"}],"wp:term":[{"taxonomy":"category","embeddable":true,"href":"https:\/\/www.esteri.it\/it\/wp-json\/wp\/v2\/categories?post=23338"},{"taxonomy":"post_tag","embeddable":true,"href":"https:\/\/www.esteri.it\/it\/wp-json\/wp\/v2\/tags?post=23338"}],"curies":[{"name":"wp","href":"https:\/\/api.w.org\/{rel}","templated":true}]}}