{"id":23340,"date":"2017-02-16T09:43:27","date_gmt":"2017-02-16T08:43:27","guid":{"rendered":"https:\/\/www.esteri.it\/sala_stampa\/archivionotizie\/comunicati\/2017\/02\/giro-adesso-l-africa-agli-africani\/"},"modified":"2017-02-16T09:43:27","modified_gmt":"2017-02-16T08:43:27","slug":"giro-adesso-l-africa-agli-africani","status":"publish","type":"post","link":"https:\/\/www.esteri.it\/it\/sala_stampa\/archivionotizie\/interviste\/2017\/02\/giro-adesso-l-africa-agli-africani\/","title":{"rendered":"Giro: \u00abAdesso l\u2019Africa agli africani\u00bb La nuova Unione alla prova (Avvenire)"},"content":{"rendered":"<p>II nuovo presidente della Commissione dell&#8217;Unione Africana, eletto pochi giorni fa ad Addis Abeba, \u00e8 il ciadiano Moussa Faki, ex ministro degli Esteri ciadiano. \u00c8 una conferma dell&#8217;accresciuto ruolo del Ciad come fattore di stabilizzazione in particolare nella lotta al terrorismo jihadista. La tradizione militare ciadiana \u00e8 nota da tempo. Moussa Faki ne rappresenta la parte politica, anch&#8217;essa capace di influenza crescente. La prima sfida che si trover\u00e0 ad affrontare il neopresidente \u00e8 la riforma dell&#8217;organizzazione.<\/p>\n<p>Unione Africana da riformare? Il documento del presidente ruandese Paul Kagame &#8211; a cui i suoi pari hanno affidato la responsabilit\u00e0 di dare indicazioni &#8211; risponde affermativamente, pena la perdita di influenza. Si raccomanda che l&#8217;Ua si occupi di meno cose, ma in maniera pi\u00f9 approfondita, che si raccordi meglio con le organizzazioni regionali (Ecowas, Cemac, Sadeec, ecc.), che spenda meno e bene; che diventi autonoma finanziariamente (oggi oltre il 60% del suo bilancio \u00e8 finanziato dai donatori come la Ue); che sia pi\u00f9 efficace nelle crisi. Si tratta di un auspicio che hanno in molti: liberarsi da tutti i condizionamenti esterni per dare l&#8217;\u00abAfrica agli africani\u00bb e \u00absoluzioni africane ai problemi africani\u00bb. Nel documento infatti si sottolinea che gli inviti a Paesi e organizzazioni terze ai vertici debbono essere eccezionali. Gi\u00e0 la presidente della Commissione uscente, la sudafricana Dlamini Zuma, aveva fatto suoi tali argomenti, restringendo &#8211; ad esempio &#8211; la possibilit\u00e0 degli europei di essere presenti ad Addis Abeba durante le riunioni. Ma poi era a loro che ci si rivolgeva per il finanziamento delle attivit\u00e0. Per Kagame ci\u00f2 \u00e8 contraddittorio e umiliante.<\/p>\n<p>Certamente la nuova assertivit\u00e0 africana si fa sentire: l&#8217;uscita di tre Paesi &#8211; Gambia, Burundi e Sudafrica &#8211; dalla Corte penale internazionale (Cpi) \u00e8 un segnale forte. All&#8217;ultimo vertice, la Ua ha deciso l&#8217;interruzione di qualunque dialogo con il Consiglio di sicurezza dell&#8217;Onu su tale argomento, adottando una &#8220;strategia del ritiro&#8221;, anche se alcuni Paesi ancora frenano (Nigeria, Senegal, Malawi, Tanzania e Tunisia, per esempio). Questo anche se la procuratrice generale della Cpi \u00e8 un&#8217;africana, la gambiana Fatou Bensouda. Gli africani accusano la Corte di occuparsi solo dei casi di violazioni nel continente, e non di altri. Di essere in qualche modo \u00abrazzialmente orientata\u00bb, ma c&#8217;\u00e8 chi pensa che si tratta di una scusa per interrompere le indagini in corso.<\/p>\n<p>Parallelamente la Ua di Dlamini Zuma si \u00e8 interposta in alcune crisi, come quella del Burundi, proteggendo il presidente Nkurunziza dalle critiche della comunit\u00e0 internazionale per violazioni dei diritti umani e dispotismo. L&#8217;affermarsi delle &#8220;democrature&#8221; e dei regimi forti (come in Turchia e Russia) diviene un modello che rafforza quanti nel continente, dove pure si vota quasi ovunque ormai, preferiscono una &#8220;forte&#8221; gestione del potere. Ancora non \u00e8 sorta in Africa una reale forma di bilanciamento dell&#8217;esecutivo, n\u00e9 in campo legislativo n\u00e9 giudiziario ne mediatico. E, salvo eccezioni, l&#8217;Unione Africana non \u00e8 divenuta quella cassa di risonanza dei popoli che si sperava, un modo cio\u00e8 per supervisionare i regimi. Rimane per ora un &#8220;sindacato dei capi di Stato&#8221; come dicono gli africani stessi.<\/p>\n<p>Certo una maggior &#8220;africanizzazione&#8221; della Ua dovr\u00e0 fare i conti con le crisi in atto nel continente: sono sette le operazioni di peacekeeping a guida Onu contro solo una della Ua, a parte le iniziative regionali (in particolare in Africa Occidentale e centrale). Ci\u00f2 nonostante, il continente ha ancora bisogno dell&#8217;Onu e dei suoi partner internazionali. Tra questi ultimi la parte del leone la fa ovviamente la Cina, sempre molto presente soprattutto per ragioni geopolitiche. La sua recente minor crescita ha avuto effetti anche in Africa, dove i cinesi hanno ridotto le loro importazioni del 30% nel 2016. Accanto ai cinesi, si \u00e8 di nuovo rafforzata in questi anni la presenza europea, sul piano sia economico sia politico. In Mali, il Ciad \u00e8 stato protagonista della cooperazione anti-terrorismo tra Francia, altri Paesi europei e africani. Nella regione del lago Ciad, alla frontiera tra Nigeria, Niger e Camer\u00fan, le truppe di N&#8217;Djamena hanno svolto una gran parte del lavoro in funzione anti-Boko Haram.<\/p>\n<p>Gli europei si sono risvegliati grazie alla corsa all&#8217;Africa iniziata da Pechino. Molte sono state le viste di capi di Stato e di governo, assieme a quelle dei ministri degli Esteri. Oltre a Hollande, anche Merkel, l&#8217;allora premier Renzi e lo stesso presidente Mattarella ed altri leader europei sono stati per la prima volta sul continente, complice anche la crisi dei migranti. La Ue ha stanziato fondi. Nuovi programmi vedono la luce, come quelli per l&#8217;elettrificazione (sono ancora 600 milioni gli africani senza corrente). L&#8217;Africa \u00e8 rimasta al centro degli interessi di altre potenze grandi o medie, come l&#8217;India, la Corea del Sud, il Giappone, la Turchia, Israele&#8230; Ma soprattutto in questi ultimi anni abbiamo assistito all&#8217;arrivo in massa del settore privato, incoraggiato dai governi. Oltre alla tradizionale presenza delle imprese francesi e inglesi, sono tornate quelle italiane e sono giunte per la prima volte quelle tedesche, spagnole, turche ecc.<\/p>\n<p>Per fare un esempio: a parte l&#8217;Eni (da anni primo operatore &#8220;oil &#038; gas&#8221; in Africa), l&#8217;Enel sta inserendosi molto bene attraverso la politica delle rinnovabili, vincendo gare in Sudafrica, Kenya o Zambia. L&#8217;idea di successo delle mini-grid (cio\u00e8 reti autosostenibili localmente, in \u00a0contrasto con quella delle grandi centrali ritenute costose e inefficienti), sta prendendo piede proprio grazie a Enel. Il neo presidente di turno dell&#8217;assemblea dell&#8217;Unione Africana, il Presidente guineano Alpha Cond\u00e9, \u00e8 interessato all&#8217;iniziativa che lui stesso sponsorizza e per la quale l&#8217;Ue si \u00e8 impegnata. Altri settori di grande interesse per le imprese europee sono l&#8217;agro-industria e le infrastrutture, ove gli italiani sono ben inseriti, ad iniziare da Salini. L&#8217;idea dei partner africani \u00e8 di poter dare impulso alla nascita di un settore manifatturiero sul continente, per uscire dalla servit\u00f9 delle mere esportazioni di materie prime. Resta il fatto tuttavia, che l&#8217;Africa \u00e8 l&#8217;ultimo continente dove esiste terreno fertile non utilizzato. Si tratta di milioni di ettari da mettere in produzione ma il problema che si pone \u00e8 quale modello sar\u00e0 utilizzato: latifondismo stile land-grabbing o la nascita di un settore agro-industriale endogeno?<\/p>\n<p>Un punto interrogativo riguarda gli Stati Uniti. Con il presidente Obama \u00e8 venuta meno la politica africana molto aggressiva di Clinton e Bush junior. Sono stati chiusi grandi programmi e la politica commerciale si \u00e8 infiacchita. La presenza americana c&#8217;\u00e8 da sempre e rimane, ma non si \u00e8 rafforzata. Ora occorrer\u00e0 vedere che cosa far\u00e0 il presidente Trump, del quale sono note solo le intemerate contro \u00abl&#8217;Africa corrotta e gli africani da mandar via\u00bb della campagna elettorale. L&#8217;unico segnale \u00e8 che nella sua squadra c&#8217;\u00e8 un miliardario nigeriano come consulente.<\/p>\n<p>Infine, la nuova leadership della Ua dovr\u00e0 occuparsi delle crisi politico-etniche. Accanto a quelle di vecchia data &#8211; Somalia, Repubblica democratica del Congo, conflitto Etiopia-Eritrea a cui si aggiunge ora il malessere Oromo&#8230; &#8211; occorre vigilare su crisi rinascenti, come quella costituzionale della Costa d&#8217;Avorio che ha provocato un ammutinamento, o il default del Mozambico che ha trascinato alla crisi armata. Una buona notizia viene dal successo dell&#8217;Ecowas (e quindi anche di Alpha Cond\u00e9) nella gestione della crisi elettorale gambiana. Altro segnale positivo \u00e8 in Africa centrale dove la Chiesa cattolica ha dato inizio ad una mediazione accettata dalle parti nella Repubblica democratica del Congo. Evitare una nuova grande guerra in Congo \u00e8 assolutamente necessario. In Africa dell&#8217;est rimane aperta la guerra in Sud Sudan, dove sembra che nessuna mediazione sia possibile, e che sta assumendo aspetti da genocidio. L&#8217;Unione Africana di domani si prepara dunque a grandi mutamenti, e ne ha bisogno.<\/p>\n","protected":false},"excerpt":{"rendered":"II nuovo presidente della Commissione dell&#8217;Unione Africana, eletto pochi giorni fa ad Addis Abeba, \u00e8 il ciadiano Moussa Faki, ex ministro degli Esteri ciadiano. \u00c8 una conferma dell&#8217;accresciuto ruolo del Ciad come fattore di stabilizzazione in particolare nella lotta al terrorismo jihadista. La tradizione militare ciadiana \u00e8 nota da tempo. Moussa Faki ne rappresenta la [&hellip;]","protected":false},"author":1,"featured_media":0,"comment_status":"","ping_status":"","sticky":false,"template":"","format":"standard","meta":{"footnotes":""},"categories":[23],"tags":[31,399],"class_list":["post-23340","post","type-post","status-publish","format-standard","hentry","category-interviste","tag-africa","tag-vice-ministri-e-sottosegretari-precedenti"],"_links":{"self":[{"href":"https:\/\/www.esteri.it\/it\/wp-json\/wp\/v2\/posts\/23340","targetHints":{"allow":["GET"]}}],"collection":[{"href":"https:\/\/www.esteri.it\/it\/wp-json\/wp\/v2\/posts"}],"about":[{"href":"https:\/\/www.esteri.it\/it\/wp-json\/wp\/v2\/types\/post"}],"author":[{"embeddable":true,"href":"https:\/\/www.esteri.it\/it\/wp-json\/wp\/v2\/users\/1"}],"replies":[{"embeddable":true,"href":"https:\/\/www.esteri.it\/it\/wp-json\/wp\/v2\/comments?post=23340"}],"version-history":[{"count":0,"href":"https:\/\/www.esteri.it\/it\/wp-json\/wp\/v2\/posts\/23340\/revisions"}],"wp:attachment":[{"href":"https:\/\/www.esteri.it\/it\/wp-json\/wp\/v2\/media?parent=23340"}],"wp:term":[{"taxonomy":"category","embeddable":true,"href":"https:\/\/www.esteri.it\/it\/wp-json\/wp\/v2\/categories?post=23340"},{"taxonomy":"post_tag","embeddable":true,"href":"https:\/\/www.esteri.it\/it\/wp-json\/wp\/v2\/tags?post=23340"}],"curies":[{"name":"wp","href":"https:\/\/api.w.org\/{rel}","templated":true}]}}