{"id":23378,"date":"2016-11-16T10:13:26","date_gmt":"2016-11-16T09:13:26","guid":{"rendered":"https:\/\/www.esteri.it\/sala_stampa\/archivionotizie\/comunicati\/2016\/11\/giro-il-g7-sara-una-vetrina-per\/"},"modified":"2016-11-16T10:13:26","modified_gmt":"2016-11-16T09:13:26","slug":"giro-il-g7-sara-una-vetrina-per","status":"publish","type":"post","link":"https:\/\/www.esteri.it\/it\/sala_stampa\/archivionotizie\/interviste\/2016\/11\/giro-il-g7-sara-una-vetrina-per\/","title":{"rendered":"Giro: \u00abIl G7 sar\u00e0 una vetrina per la Sicilia\u00bb (Sicilia Catania)"},"content":{"rendered":"<p>&#8220;Certamente, il nesso \u00e8 diretto&#8221;. Il vice ministro degli Esteri, Mario Giro, reduce da un impegno in Sicilia in favore del S\u00ec al referendum, non ha dubbi: il potenziale veto annunciato ieri dal governo sul Bilancio Ue \u00e8 un altol\u00e0 anche sul parere che oggi Bruxelles dar\u00e0 sulla nostra manovra. Una forma di pressione (&#8220;il veto \u00e8 possibile&#8221;) per trattare non soltanto sulle questioni economiche.<\/p>\n<p><strong>Quanto l&#8217;irrigidimento dell&#8217;Italia pu\u00f2 servire a scardinare l&#8217;immobilismo europeo sul fronte immigrati?<\/strong><\/p>\n<p>\u00a0&#8220;\u00c8 difficile da dire. L&#8217;Italia \u00e8 da sola a fare la sua battaglia, che \u00e8 una battaglia per tutta l&#8217;Europa perch\u00e9 dobbiamo imprimere una svolta a questo immobilismo. Posso dire questo: ormai ai Consigli europei si discute soltanto di proposte italiane: migration compact, unione della difesa. Alcuni Paesi sono dalla parte nostra, ma il problema sono i tedeschi e i francesi. E secondo me anche la Commissione, che avrebbe potere di iniziativa e invece la vediamo mediare a monte prima ancora che a valle, nel Consiglio&#8221;.<\/p>\n<p><strong>Anche sul referendum c&#8217;\u00e8 un nesso diretto con la nostra economia? Il premier accredita questa tesi. <\/strong><\/p>\n<p>&#8220;Condiviso assolutamente. Sono venuto in Sicilia quattro o cinque volte per il referendum e le dico questo: votare S\u00ec \u00e8 votare s\u00ec a un piano, perch\u00e9 il presidente del Consiglio ha un piano sull&#8217;economia, contro la diseguaglianza, per il Sud Italia, per l&#8217;immigrazione. Gli altri non hanno un piano. Questa riforma serve per rilacvvicinare le Regioni, perch\u00e9 il divario \u00e8 cresciuto e il Sud in questi anni \u00e8 stato sempre pi\u00f9 sganciato. Per la Sicilia e la Calabria c&#8217;\u00e8 una convenienza concreta nell&#8217;avere uno Stato pi\u00f9 moderno&#8221;.<\/p>\n<p><strong>Quindi il referendum \u00e8 anche uno strumento per esprimere fiducia a Renzi e al suo piano?<\/strong><\/p>\n<p>\u00a0\u201c\u00c9 uno strumento per cambiare la Costituzione, che si concretizza in alcune riforme precise come quella del Titolo V per contrastare la discrepanza tra le Regioni&#8221;<\/p>\n<p><strong>Lei \u00e8 fratello del senatore Francesco Giro di Fi che fa campagna per il No. Come vive questo &#8216;conflitto&#8217;? <\/strong><\/p>\n<p>&#8220;Si cerca di sopravvivere (il tono \u00e8 scherzoso, ndr). Con mio fratello siamo su piani opposti, e ho l&#8217;impressione che loro di Fi votino No per una mera questione di sopravvivenza del partito, senza piani per il Paese. Renzi \u00a0\u00e8 l&#8217;unico ad averne&#8221;.<\/p>\n<p><strong>Il prossimo G7 di Taormina quali opportunit\u00e0 pu\u00f2 comportare per la Sicilia? <\/strong><\/p>\n<p>&#8220;Ce ne sono diverse. La Sicilia con la sua bellezza diventer\u00e0 una vetrina. Ma \u00e8 anche la Regione che si \u00e8 dimostrata molto generosa con i migranti perch\u00e9 non ha avuto paura. Penso che il G7 sar\u00e0 anche l&#8217;occasione per dare un riconoscimento al coraggio dei siciliani&#8221;.<\/p>\n","protected":false},"excerpt":{"rendered":"&#8220;Certamente, il nesso \u00e8 diretto&#8221;. Il vice ministro degli Esteri, Mario Giro, reduce da un impegno in Sicilia in favore del S\u00ec al referendum, non ha dubbi: il potenziale veto annunciato ieri dal governo sul Bilancio Ue \u00e8 un altol\u00e0 anche sul parere che oggi Bruxelles dar\u00e0 sulla nostra manovra. Una forma di pressione (&#8220;il [&hellip;]","protected":false},"author":1,"featured_media":0,"comment_status":"","ping_status":"","sticky":false,"template":"","format":"standard","meta":{"footnotes":""},"categories":[23],"tags":[399],"class_list":["post-23378","post","type-post","status-publish","format-standard","hentry","category-interviste","tag-vice-ministri-e-sottosegretari-precedenti"],"_links":{"self":[{"href":"https:\/\/www.esteri.it\/it\/wp-json\/wp\/v2\/posts\/23378","targetHints":{"allow":["GET"]}}],"collection":[{"href":"https:\/\/www.esteri.it\/it\/wp-json\/wp\/v2\/posts"}],"about":[{"href":"https:\/\/www.esteri.it\/it\/wp-json\/wp\/v2\/types\/post"}],"author":[{"embeddable":true,"href":"https:\/\/www.esteri.it\/it\/wp-json\/wp\/v2\/users\/1"}],"replies":[{"embeddable":true,"href":"https:\/\/www.esteri.it\/it\/wp-json\/wp\/v2\/comments?post=23378"}],"version-history":[{"count":0,"href":"https:\/\/www.esteri.it\/it\/wp-json\/wp\/v2\/posts\/23378\/revisions"}],"wp:attachment":[{"href":"https:\/\/www.esteri.it\/it\/wp-json\/wp\/v2\/media?parent=23378"}],"wp:term":[{"taxonomy":"category","embeddable":true,"href":"https:\/\/www.esteri.it\/it\/wp-json\/wp\/v2\/categories?post=23378"},{"taxonomy":"post_tag","embeddable":true,"href":"https:\/\/www.esteri.it\/it\/wp-json\/wp\/v2\/tags?post=23378"}],"curies":[{"name":"wp","href":"https:\/\/api.w.org\/{rel}","templated":true}]}}