{"id":23404,"date":"2016-09-20T11:41:26","date_gmt":"2016-09-20T09:41:26","guid":{"rendered":"https:\/\/www.esteri.it\/sala_stampa\/archivionotizie\/comunicati\/2016\/09\/giro-gli-investimenti-la-carta\/"},"modified":"2016-09-20T11:41:26","modified_gmt":"2016-09-20T09:41:26","slug":"giro-gli-investimenti-la-carta","status":"publish","type":"post","link":"https:\/\/www.esteri.it\/it\/sala_stampa\/archivionotizie\/interviste\/2016\/09\/giro-gli-investimenti-la-carta\/","title":{"rendered":"Giro: \u00abGli investimenti la carta vincente\u00bb (La Provincia di lecco)"},"content":{"rendered":"<p>\u00abL\u2019Italia sta riprendendo l&#8217;iniziativa in Africa, ma dobbiamo passare dalla semplice cooperazione allo sviluppo all&#8217;investimento intrecciando in modo strategico l&#8217;attivit\u00e0 dei cooperanti e quella degli imprenditori\u00bb. Il vice ministro degli esteri Mario Giro ieri ad Assisi ha presieduto il dibattito sull&#8217;Africa.<\/p>\n<p><strong>Che cosa sta facendo l&#8217;Italia?<\/strong><\/p>\n<p>\u00a0\u00abIntanto Renzi continua a parlare dell&#8217;Africa e questo \u00e8 gi\u00e0 il segno di una discontinuit\u00e0 virtuosa. Le nostre missioni in Africa sono ormai decine e a ottobre per tre giorni saremo nella Repubblica Centrafricana, uno dei Paesi pi\u00f9 poveri del mondo. Qui \u00e8 venuto il presidente Archenge Toudera e noi dobbiamo aiutarlo e investire in un Paese che ha dimostrato di essere stato capace di non accettare la logica dello scontro tra religioni ed \u00e8 riuscito ad allontanare l&#8217;odio\u00bb.<\/p>\n<p><strong>Eppure la presenza italiana in Africa \u00e8 diminuita costantemente negli anni .<\/strong><\/p>\n<p>\u00ab\u00c9 vero e dobbiamo invertire la rotta, anche aprendo nuove ambasciate. Non possiamo lasciare il campo libero solo alla Cina e alla Turchia. La presenza dei diplomatici italiani indica con chiarezza che stiamo prendendo sul serio la questione africana e guardiamo al continente con occhi nuovi\u00bb.<\/p>\n<p><strong>Cosa non va?<\/strong><\/p>\n<p>\u00abBisogna uscire dalla cultura dell&#8217;emergenza, trovare soluzioni strategiche oltre il solo aiuto pubblico allo sviluppo, individuare una governance nuova per rendere pi\u00f9 efficaci aiuti e investimenti. E soprattutto bisogna investire in istruzione\u00bb.<\/p>\n<p><strong>Anche sugli immigrati?<\/strong><\/p>\n<p>\u00ab\u00c8 un settore strategico. I flussi non si possono bloccare. Chi arriva qui deve essere istruito e poi rimandato nel suo Paese con un dono, denaro non in prestito, per avviare start up che siano efficienti e idonee al loro Paese. Questo l&#8217;unico modo serio di fare quando si parla di aiutarli nel loro Paese\u00bb.<\/p>\n<p><strong>Qual \u00e8 il problema maggiore dell&#8217;Africa oggi? <\/strong><\/p>\n<p>\u00abI giovani. La maggioranza dei giovani vive nei Paesi poveri ed \u00e8 povera. E l&#8217;Africa \u00e8 un continente di giovani. Che vogliamo fare? Lasciare che diventino manovalanza dei signori della guerra? Questa \u00e8 la vera sfida. In Africa l&#8217;istruzione costa troppo e poi mancano le strade per raggiungere le scuole. La fine o la mancanza di un sistema scolastico \u00e8 all&#8217;origine della rabbia e della collera globale, alla radice della fine del sogno dell&#8217;unit\u00e0 panafricana e all&#8217;origine della paura che ha schiantato ogni vero dialogo religioso, politico e sociale in Africa\u00bb.<\/p>\n","protected":false},"excerpt":{"rendered":"\u00abL\u2019Italia sta riprendendo l&#8217;iniziativa in Africa, ma dobbiamo passare dalla semplice cooperazione allo sviluppo all&#8217;investimento intrecciando in modo strategico l&#8217;attivit\u00e0 dei cooperanti e quella degli imprenditori\u00bb. Il vice ministro degli esteri Mario Giro ieri ad Assisi ha presieduto il dibattito sull&#8217;Africa. Che cosa sta facendo l&#8217;Italia? \u00a0\u00abIntanto Renzi continua a parlare dell&#8217;Africa e questo \u00e8 [&hellip;]","protected":false},"author":1,"featured_media":0,"comment_status":"","ping_status":"","sticky":false,"template":"","format":"standard","meta":{"footnotes":""},"categories":[23],"tags":[399],"class_list":["post-23404","post","type-post","status-publish","format-standard","hentry","category-interviste","tag-vice-ministri-e-sottosegretari-precedenti"],"_links":{"self":[{"href":"https:\/\/www.esteri.it\/it\/wp-json\/wp\/v2\/posts\/23404","targetHints":{"allow":["GET"]}}],"collection":[{"href":"https:\/\/www.esteri.it\/it\/wp-json\/wp\/v2\/posts"}],"about":[{"href":"https:\/\/www.esteri.it\/it\/wp-json\/wp\/v2\/types\/post"}],"author":[{"embeddable":true,"href":"https:\/\/www.esteri.it\/it\/wp-json\/wp\/v2\/users\/1"}],"replies":[{"embeddable":true,"href":"https:\/\/www.esteri.it\/it\/wp-json\/wp\/v2\/comments?post=23404"}],"version-history":[{"count":0,"href":"https:\/\/www.esteri.it\/it\/wp-json\/wp\/v2\/posts\/23404\/revisions"}],"wp:attachment":[{"href":"https:\/\/www.esteri.it\/it\/wp-json\/wp\/v2\/media?parent=23404"}],"wp:term":[{"taxonomy":"category","embeddable":true,"href":"https:\/\/www.esteri.it\/it\/wp-json\/wp\/v2\/categories?post=23404"},{"taxonomy":"post_tag","embeddable":true,"href":"https:\/\/www.esteri.it\/it\/wp-json\/wp\/v2\/tags?post=23404"}],"curies":[{"name":"wp","href":"https:\/\/api.w.org\/{rel}","templated":true}]}}