{"id":23417,"date":"2016-08-12T09:19:01","date_gmt":"2016-08-12T07:19:01","guid":{"rendered":"https:\/\/www.esteri.it\/sala_stampa\/archivionotizie\/comunicati\/2016\/08\/giro-in-libia-diplomazia-non-truppe\/"},"modified":"2016-08-12T09:19:01","modified_gmt":"2016-08-12T07:19:01","slug":"giro-in-libia-diplomazia-non-truppe","status":"publish","type":"post","link":"https:\/\/www.esteri.it\/it\/sala_stampa\/archivionotizie\/interviste\/2016\/08\/giro-in-libia-diplomazia-non-truppe\/","title":{"rendered":"Giro: \u00abIn Libia diplomazia, non truppe\u00bb (Avvenire)"},"content":{"rendered":"<p>Le polemiche su un presunto intervento militare italiano creano solo un polverone sterile&#8230; In Libia c&#8217;\u00e8 un accordo fra fazioni che ha favorito la nascita di un governo. Un processo politico travagliato, ma che procede. L&#8217;apporto italiano a quel processo \u00e8 stato, ed \u00e8, politico e diplomatico, non militare. Un &#8220;modello&#8221; che si potrebbe applicare anche in Siria&#8230;\u00bb. Per anni in prima linea nelle crisi internazionali come mediatore della Comunit\u00e0 di Sant&#8217;Egidio, il viceministro degli Esteri Mario Giro conosce a fondo le dinamiche relative ai conflitti. E, nel colloquio con Avvenire, respinge al mittente gli attacchi politici su un &#8220;interventismo&#8221; armato del governo in Libia all&#8217;insaputa del Parlamento.<\/p>\n<p><strong>Viceministro, le opposizioni continuano a invitare il governo a recarsi alle Camere per chiarire&#8230;<\/strong><\/p>\n<p>Sulla questione, ripeto, si sta facendo solo un polverone. Non ci sono truppe italiane operative in Libia, come ha detto il ministro Gentiloni. C&#8217;\u00e8 solo una serie di azioni di assistenza, di cui abbiamo pi\u00f9 volte parlato.<\/p>\n<p><strong>Nell&#8217;assistenza rientrano anche gli sminamenti a Misurata, in zone lontane dai combattimenti, di cui lei accennava l&#8217;altro ieri? E cosa pu\u00f2 dire della presenza di personale dell&#8217;intelligence? <\/strong><\/p>\n<p>Sulle questioni di intelligence, \u00e8 opportuna la riservatezza.<\/p>\n<p><strong>Il governo ha informato il Copasir di tali attivit\u00e0 in Libia, quali che siano? <\/strong><\/p>\n<p>Anche in tal caso, e come per tutte le questioni che riguardano il Copasir, \u00e8 d&#8217;obbligo non commentare. Voglio per\u00f2 puntualizzare una cosa&#8230;<\/p>\n<p><strong>Quale? <\/strong><\/p>\n<p>Se in Libia oggi c&#8217;\u00e8 un governo come quello di Al Serraj, lo si deve all&#8217;approccio dell&#8217;Italia, che ha sempre creduto, anche quando non ci credeva nessuno, che potesse esistere una soluzione non militare alla crisi libica. Noi abbiamo pazientemente spinto per l&#8217;accordo di Skhirat, per la definizione del Consiglio di presidenza e la nomina di un premier e perch\u00e9 potesse insediare un governo unitario a Tripoli. Di questo &#8220;modello italiano&#8221; dobbiamo andare orgogliosi.<\/p>\n<p><strong>Al Serraj lamenta che il parlamento di Tobruk non abbia ancora ratificato il suo esecutivo. Una impasse che dura da troppi mesi, non crede? <\/strong><\/p>\n<p>S\u00ec. E dobbiamo lavorarci molto: la maggioranza dei deputati di Tobruk \u00e8 a favore, il problema \u00e8 che non convocano la seduta. Ci sono poi altri nodi: il principale \u00e8 l&#8217;opposizione del generale Khalifa Haftar. Sono in corso negoziati e confidiamo che la soluzione possa arrivare da un accordo fra libici. Comunque non servirebbe imporla dall&#8217;esterno: il ruolo dell&#8217;Italia e della comunit\u00e0 internazionale dev&#8217;essere quello di un accompagnamento.<\/p>\n<p><strong>La riapertura dell&#8217;ambasciata italiana a Tripoli \u00e8 un ulteriore passo in quel senso? <\/strong><\/p>\n<p>L\u2019intento, con la nomina dell&#8217;ambasciatore Giuseppe Perrone, a cui faccio i miei auguri, \u00e8 proprio di avere sul posto un riferimento diplomatico permanente, per seguire da vicino i processi in atto.<\/p>\n<p><strong>Riconquistata Sirte, prevede che la strada per &#8220;bonificare&#8221; la Libia dal Daesh sia in discesa? Quali sono gli altri focolai? <\/strong><\/p>\n<p>Le milizie del Daesh si erano concentrate a Sirte. Ma ci sono altri gruppi a sud, come Al Qaeda nel Maghreb islamico (Aqmi), che vanno contrastati.<\/p>\n<p><strong>In filmati del Daesh compaiono fotogrammi del presidente Mattarella, del premier Renzi, del ministro Gentiloni, con l&#8217;accusa di sostegno ad Al Serraj. L&#8217;impegno in Libia mette l&#8217;Italia ancor pi\u00f9 nel mirino dei jihadisti? <\/strong><\/p>\n<p>La sfida dei terroristi \u00e8 rivolta a tutti i Paesi che lo contrastano, anche arabi. Da parte dell&#8217;Italia, l&#8217;attenzione \u00e8 massima rispetto a qualsiasi tipo di allarme. Ma la nostra politica \u00e8 sempre rispettosa delle istanze locali. \u00c8 una politica che io definisco d&#8217;influenza e non d&#8217;ingerenza.<\/p>\n<p><strong>Sul piano umanitario, l&#8217;Italia ha risposto all&#8217;appello di Al Serraj fornendo assistenza a diversi feriti. Cos&#8217;altro sta facendo il governo? <\/strong><\/p>\n<p>Abbiamo destinato 2 milioni di euro in azioni umanitarie e disposto un pacchetto d&#8217;interventi per 1 milione e mezzo per la prima emergenza, attraverso Croce rossa internazionale e Acnur. Un altro milione di euro lo abbiamo stanziato per alimenti, medicinali e kit sanitari in vari ospedali civili di almeno 5 citt\u00e0, come Bengasi e Tripoli, e anche nel Sud , dove non arriva nessuno.<\/p>\n<p><strong>Dalle coste libiche continuano a partire migliaia di migranti. Il loro dramma rende ancora pi\u00f9 urgente stabilizzare il Paese&#8230; <\/strong><\/p>\n<p>S\u00ec , \u00e8 vitale per normalizzare i flussi migratori. Mentre per i migranti che sono gi\u00e0 in Italia, le logiche di tipo emergenziale non bastano: occorre immaginare un &#8220;piano di integrazione&#8221; per chi rimane.<\/p>\n<p><strong>L&#8217;altro grande &#8220;buco nero&#8221; che agita Mediterraneo e Medio Oriente \u00e8 la crisi siriana. <\/strong><\/p>\n<p>\u00c8 un conflitto totalmente fuori controllo. Ci sono situazioni tremende, ad Aleppo e in altre citt\u00e0. Finch\u00e9 non ci sar\u00e0 una tregua stabile, non sar\u00e0 possibile rafforzare i corridoi umanitari. Anche l\u00ec, come si \u00e8 fatto in Libia, servirebbe un accordo fra le parti in lotta. E confido che l&#8217;incontro fra Putin ed Erdogan possa contribuire a sbloccare la situazione.<\/p>\n","protected":false},"excerpt":{"rendered":"Le polemiche su un presunto intervento militare italiano creano solo un polverone sterile&#8230; In Libia c&#8217;\u00e8 un accordo fra fazioni che ha favorito la nascita di un governo. Un processo politico travagliato, ma che procede. L&#8217;apporto italiano a quel processo \u00e8 stato, ed \u00e8, politico e diplomatico, non militare. Un &#8220;modello&#8221; che si potrebbe applicare [&hellip;]","protected":false},"author":1,"featured_media":0,"comment_status":"","ping_status":"","sticky":false,"template":"","format":"standard","meta":{"footnotes":""},"categories":[23],"tags":[6,399],"class_list":["post-23417","post","type-post","status-publish","format-standard","hentry","category-interviste","tag-mediterraneo-e-medio-oriente","tag-vice-ministri-e-sottosegretari-precedenti"],"_links":{"self":[{"href":"https:\/\/www.esteri.it\/it\/wp-json\/wp\/v2\/posts\/23417","targetHints":{"allow":["GET"]}}],"collection":[{"href":"https:\/\/www.esteri.it\/it\/wp-json\/wp\/v2\/posts"}],"about":[{"href":"https:\/\/www.esteri.it\/it\/wp-json\/wp\/v2\/types\/post"}],"author":[{"embeddable":true,"href":"https:\/\/www.esteri.it\/it\/wp-json\/wp\/v2\/users\/1"}],"replies":[{"embeddable":true,"href":"https:\/\/www.esteri.it\/it\/wp-json\/wp\/v2\/comments?post=23417"}],"version-history":[{"count":0,"href":"https:\/\/www.esteri.it\/it\/wp-json\/wp\/v2\/posts\/23417\/revisions"}],"wp:attachment":[{"href":"https:\/\/www.esteri.it\/it\/wp-json\/wp\/v2\/media?parent=23417"}],"wp:term":[{"taxonomy":"category","embeddable":true,"href":"https:\/\/www.esteri.it\/it\/wp-json\/wp\/v2\/categories?post=23417"},{"taxonomy":"post_tag","embeddable":true,"href":"https:\/\/www.esteri.it\/it\/wp-json\/wp\/v2\/tags?post=23417"}],"curies":[{"name":"wp","href":"https:\/\/api.w.org\/{rel}","templated":true}]}}