{"id":23427,"date":"2016-07-18T10:48:15","date_gmt":"2016-07-18T08:48:15","guid":{"rendered":"https:\/\/www.esteri.it\/sala_stampa\/archivionotizie\/comunicati\/2016\/07\/giro-il-grave-errore-dell-occidente\/"},"modified":"2016-07-18T10:48:15","modified_gmt":"2016-07-18T08:48:15","slug":"giro-il-grave-errore-dell-occidente","status":"publish","type":"post","link":"https:\/\/www.esteri.it\/it\/sala_stampa\/archivionotizie\/interviste\/2016\/07\/giro-il-grave-errore-dell-occidente\/","title":{"rendered":"Giro &#8211; \u00abIl grave errore dell`Occidente: non esistono golpe democratici\u00bb (Unit\u00e0)"},"content":{"rendered":"<p>Il fallito golpe in Turchia. La strage di Nizza. Un mondo che sembra assistere impotente a una &#8220;terza guerra mondiale a pezzi&#8221;, per usare le parole di Papa Francesco, l\u2019 &#8220;Unit\u00e0&#8221; ne discute con Mario Giro, Vice ministro degli Esteri con delega alla Cooperazione internazionale.<\/p>\n<p><strong>La Turchia ha vissuto uno dei momenti pi\u00f9 drammatici della sua storia recente. Alla fine di una notte di scontri e di morti, il golpe militare contro il presidente Erdogan \u00e8 fallito. Qual \u00e8 in merito la sua valutazione? <\/strong><\/p>\n<p>\u00abInnanzitutto va detto che la Turchia \u00e8 un grande Paese che va preso sul serio, i militari che venerd\u00ec sera hanno tentato il golpe forse si erano fatti un film diverso: la vecchia Turchia degli anni Ottanta, sonnolenta e ingessata. Ma oggi la Turchia \u00e8 un Paese molto diverso, articolato e complesso. Lo ha dimostrato la gente scendendo in piazza ad affrontare i carri armati: oggi non \u00e8 pi\u00f9 il tempo in cui si spara sulla folla e la gente \u00e8 molto pi\u00f9 cosciente e pensa con la propria testa\u00bb.<\/p>\n<p><strong>Nelle prime, convulse ore del tentato golpe, quando sembrava che i militari putschisti avessero la meglio e che Erdogan cercasse riparo all&#8217;estero, alcuni leader occidentali hanno dato l&#8217;impressione, e anche qualcosa di pi\u00f9, di aver scaricato il &#8220;Sultano&#8221; di Ankara, attendendo segnali stabilizzanti dai militari. Come giudica questo atteggiamento? <\/strong><\/p>\n<p>\u00ab\u00c8 stato un grave errore. Un golpe militare \u00e8 un golpe militare. Non esistono golpe &#8220;democratici&#8221;. Dobbiamo sempre difendere la democrazia anche se chi \u00e8 al potere non ci piace. Per questo dico che la Turchia va presa sul serio. Questi giochetti in cui si chiede ad Erdogan di trattenere i profughi e poi si resta ambigui davanti ai carri armati non vanno bene. Ha avuto ragione 0bama a schierarsi per la democrazia per primo e anche la Mogherini a seguirlo subito dopo. La reazione tentennante e ambigua a cui fa riferimento somiglia tanto a quella avuta nei confronti del tentato golpe contro Gorbaciov ed Eltsin\u00bb.<\/p>\n<p><strong>Nel caso del golpe fallito in Turchia come in quello riuscito in Egitto, l&#8217;Europa \u00e8 sembrata essere pi\u00f9 interessata a stringere patti con &#8220;Gendarmi&#8221; piuttosto che cercare interlocutori politici nella sponda Sud del Mediterraneo. <\/strong><\/p>\n<p>\u00ab\u00c8 una politica che non ha mai funzionato: crea soltanto maggior odio e semina vendette future. Se qualcuno pensa di affrontare la questione dell&#8217;Islam politico con questi mezzi sbaglia: la storia parla da s\u00e9 sin dagli eventi algerini del &#8217;92. Guarderei piuttosto a ci\u00f2 che accade in Tunisia che mi pare il metodo migliore\u00bb.<\/p>\n<p><strong>Il giorno dopo il fallito golpe si guarda al futuro. Sono scattati migliaia di arresti tra le fila dei militari. C&#8217;\u00e8 chi teme un pesante giro di vite da parte dei &#8220;vincitori&#8221;. <\/strong><\/p>\n<p>\u00abNon credo. L&#8217;esercito turco sono mezzo milione di uomini. Ora Erdogan deve stare attento: se va difesa, come va difesa, la democrazia sempre, proprio per questo non possiamo tacere i tanti errori commessi dal governo turco in questi anni. Neo-ottomanesimo, liti con tutti i vicini, ambiguit\u00e0 sul dossier iraniano, pulsioni autoritarie all&#8217;interno, in specie con i media: oggi Erdogan \u00e8 comunque indebolito e questa non \u00e8 una buona notizia per L&#8217;Europa. La narrazione di una Turchia iper potente che pu\u00f2 fare da sola, senza amici, senza alleati, che Erdogan ci ha venduto, non \u00e8 pi\u00f9 valida. La Turchia esce dal tentato golpe infragilita e questo deve farci pensare\u00bb.<\/p>\n<p><strong>Il giorno del fallito golpe in Turchia \u00e8 stato anche il giorno in cui il mondo, scioccato, inorridito, ha fatto i conti sulla immane strage consumata a Nizza. Oggi (ieri per chi legge, ndr) l&#8217;Isis ne ha rivendicato la paternit\u00e0 e prim&#8217;ancora il presidente Hollande aveva annunciato un rafforzamento dei bombardamenti sulle roccaforti in Siria e in Iraq dello Stato islamico. Ma \u00e8 questa la via per sradicare il terrorismo jihadista in Europa?<\/strong><\/p>\n<p>Moltiplicare i bombardamenti non serve. \u00abCome ha pi\u00f9 volte ripetuto Matteo Renzi, siamo di fronte a un problema europeo interno, in cui si danno alle forze del male giovani di seconda e terza generazione, intrappolati tra nichilismo e propaganda jihadista islamica. Dobbiamo capirne il meccanismo, dobbiamo mantenere la pace sociale e un buon clima nelle nostre citt\u00e0 perch\u00e9 ogni politica isterica aumenta la nostra insicurezza e rende difficile il lavoro delle forze dell&#8217;ordine. I jihadisti vogliono conquistare le comunit\u00e0 islamiche europee con il meccanismo dei &#8220;compagni che sbagliano&#8221; che noi italiani ci ricordiamo bene\u00bb.<\/p>\n<p><strong>Parigi, Bruxelles, Istanbul, Dacca, Baghdad. E ora Nizza. Ha ragione Papa Francesco quando, gi\u00e0 mesi fa, aveva parlato di una &#8220;terza Guerra mondiale a pezzi&#8221;? <\/strong><\/p>\n<p>\u00abLa &#8220;terza Guerra mondiale a pezzi&#8221; si nutre delle diseguaglianze, della mancanza di dialogo, dell&#8217;ossessione identitaria e della sfiducia nella politica. Dobbiamo dimostrare all&#8217;opinione pubblica di essere in grado di risolvere concretamente i problemi. Alcuni di questi necessiteranno di tempo ma per la politica stare accanto ai luoghi di dolore, ascoltare, mostrare empatia oggi \u00e8 essenziale. Per fare un esempio nostrano: il &#8220;s\u00ec&#8221; al referendum costituzionale non va spiegato con argomenti e termini efficientisti, in una logica tutta politica, ma come la volont\u00e0 di essere pi\u00f9 vicini ai bisogni delle persone. In altre parole, la politica si semplifica e si autoriforma per essere meno presa dai suoi riti e pi\u00f9 vicina alla gente\u00bb.<\/p>\n","protected":false},"excerpt":{"rendered":"Il fallito golpe in Turchia. La strage di Nizza. Un mondo che sembra assistere impotente a una &#8220;terza guerra mondiale a pezzi&#8221;, per usare le parole di Papa Francesco, l\u2019 &#8220;Unit\u00e0&#8221; ne discute con Mario Giro, Vice ministro degli Esteri con delega alla Cooperazione internazionale. La Turchia ha vissuto uno dei momenti pi\u00f9 drammatici della [&hellip;]","protected":false},"author":1,"featured_media":0,"comment_status":"","ping_status":"","sticky":false,"template":"","format":"standard","meta":{"footnotes":""},"categories":[23],"tags":[399],"class_list":["post-23427","post","type-post","status-publish","format-standard","hentry","category-interviste","tag-vice-ministri-e-sottosegretari-precedenti"],"_links":{"self":[{"href":"https:\/\/www.esteri.it\/it\/wp-json\/wp\/v2\/posts\/23427","targetHints":{"allow":["GET"]}}],"collection":[{"href":"https:\/\/www.esteri.it\/it\/wp-json\/wp\/v2\/posts"}],"about":[{"href":"https:\/\/www.esteri.it\/it\/wp-json\/wp\/v2\/types\/post"}],"author":[{"embeddable":true,"href":"https:\/\/www.esteri.it\/it\/wp-json\/wp\/v2\/users\/1"}],"replies":[{"embeddable":true,"href":"https:\/\/www.esteri.it\/it\/wp-json\/wp\/v2\/comments?post=23427"}],"version-history":[{"count":0,"href":"https:\/\/www.esteri.it\/it\/wp-json\/wp\/v2\/posts\/23427\/revisions"}],"wp:attachment":[{"href":"https:\/\/www.esteri.it\/it\/wp-json\/wp\/v2\/media?parent=23427"}],"wp:term":[{"taxonomy":"category","embeddable":true,"href":"https:\/\/www.esteri.it\/it\/wp-json\/wp\/v2\/categories?post=23427"},{"taxonomy":"post_tag","embeddable":true,"href":"https:\/\/www.esteri.it\/it\/wp-json\/wp\/v2\/tags?post=23427"}],"curies":[{"name":"wp","href":"https:\/\/api.w.org\/{rel}","templated":true}]}}