{"id":23445,"date":"2016-05-18T09:30:40","date_gmt":"2016-05-18T07:30:40","guid":{"rendered":"https:\/\/www.esteri.it\/sala_stampa\/archivionotizie\/comunicati\/2016\/05\/giro-africa-energie-rinnovabili\/"},"modified":"2016-05-18T09:30:40","modified_gmt":"2016-05-18T07:30:40","slug":"giro-africa-energie-rinnovabili","status":"publish","type":"post","link":"https:\/\/www.esteri.it\/it\/sala_stampa\/archivionotizie\/interviste\/2016\/05\/giro-africa-energie-rinnovabili\/","title":{"rendered":"Giro: \u201cAfrica, energie rinnovabili per uno sviluppo equo\u201d (Il Sole 24 ore)"},"content":{"rendered":"<p>Si \u00e8 conclusa ieri al Politecnico di Milano la due giorni del maggior foro di dialogo fra Europa ed Africa sui temi energetici, l&#8217;Africa Europe Energy Partnership (AEEP), che riunisce un ampio numero di stakeholders pubblici e privati del settore.<\/p>\n<p>L&#8217;energia \u00e8 un fattore determinante e sempre pi\u00f9 centrale nel dibattito internazionale sulle strategie di sviluppo per l&#8217;Africa, intorno cui convergono analisi derivanti da differenti ambiti di riflessione. L&#8217;accesso e la qualit\u00e0 di energia economica, pulita e sicura per la popolazione africana, gi\u00e0 inteso come indicatore di crescita, ha acquisito una nuova valenza ed \u00e8 ormai percepito come un requisito indispensabile per uno sviluppo equo.<\/p>\n<p>L&#8217;evoluzione delle capacit\u00e0 e della tecnologia individua, in prospettiva, l&#8217;Africa come Continente delle energie rinnovabili.<\/p>\n<p>L&#8217;affermarsi del principio di sostenibilit\u00e0 ambientale, economica e sociale ha finito per saldare tali concetti nell&#8217;agenda 2030 e nei nuovi Sustainable Development Goals adottati dalle Nazioni Unite, che l&#8217;Italia e l&#8217;Europa hanno sottoscritto aderendo all&#8217;accordo di Parigi, scaturito dalla CoP 21 dello scorso anno e firmato dal Presidente del Consiglio a New York. Molti sono i motivi che rendono strategico questo dialogo tra Unione Europea e Africa, che il foro di Milano di questi due giorni ha consolidato ulteriormente. Ci\u00f2 tanto pi\u00f9 in una fase come l&#8217;attuale, caratterizzata da un fenomeno migratorio che ha diverse cause di carattere non contingente, come le condizioni ambientali e l&#8217;accesso alle risorse.<\/p>\n<p>\u00c8 evidente come la rilevanza e la complessit\u00e0 di ordine sistemico del tema dell&#8217;energia riferito all&#8217;Africa coinvolga, ora ancor pi\u00f9 che in passato, una pluralit\u00e0 di attori, tanto in Italia quanto m Africa.<\/p>\n<p>Il Politecnico e la citt\u00e0 di Milano con il loro patrimonio di capacit\u00e0 e professionalit\u00e0 tanto sul versante accademico quanto sul piano della diretta esperienza nel settore, maturata in tanti e diversi scenari energetici e geografici, hanno offerto un contesto qualificato come sede dell&#8217;incontro fra gli oltre 150 delegati africani e i loro partner europei e italiani. Il Forum ha rappresentato infatti un&#8217;occasione senza precedenti per le imprese del settore dell&#8217;energia che hanno incontrato interlocutori provenienti da oltre trenta Paesi africani.<\/p>\n<p>L&#8217;apporto delle organizzazioni non governative, della societ\u00e0 civile e del mondo della ricerca ha completato un quadro di dialogo che, nel perseguire uno sviluppo equo e sostenibile a livello locale, non pu\u00f2 prescindere dalle attese e dalle esigenze delle popolazioni e delle comunit\u00e0 interessate. Queste ultime devono procedere ed essere sostenute nella transizione da un livello &#8220;zero&#8221; di accesso all&#8217;energia verso diversi gradi di utilizzo, onde accrescere i servizi disponibili o gli usi produttivi proponendo modelli innovativi. L&#8217;energia pu\u00f2 cos\u00ec diventare volano di sviluppo socio-economico, senza minare -come avvenuto in altri contesti- la qualit\u00e0 della vita o dell&#8217;ambiente della comunit\u00e0 stessa.<\/p>\n<p>Allo stesso tempo, la scelta del Politecnico di Milano ha posto al centro del dialogo il capitale umano e la creazione di capacit\u00e0, che restano due fattori determinanti per il successo delle strategie energetiche. Creare competenze e rafforzare il capitale umano sono passaggi imprescindibili in qualsiasi ambito dello sviluppo e sono i temi su cui il Politecnico lavora con una fitta rete di rapporti interuniversitari e contribuisce ospitando regolarmente studenti africani nei suoi percorsi di laurea magistrale e dottorato.<\/p>\n<p>La grande attenzione verso l&#8217;Africa da parte italiana non si esaurisce in questa iniziativa sull&#8217;energia. Oggi la Farnesina ospita la prima Conferenza Ministeriale Italia Africa: un appuntamento che mira a creare un foro strutturato di dialogo tra pari con il Continente africano. La Conferenza, presieduta dal Ministro Gentiloni, verr\u00e0 inaugurata dal capo dello Stato e si concluder\u00e0 con un intervento del Presidente del Consiglio. L&#8217;evento riunisce a Roma 52 Paesi Africani e i responsabili di circa 20 Organizzazioni Internazionali globali e regionali.<\/p>\n<p>Tema della Conferenza: la sostenibilit\u00e0, alla luce degli Obiettivi dell&#8217;agenda 2030. La discussione si articola lungo quattro assi tematici, dedicati rispettivamente a sostenibilit\u00e0 economica, sostenibilit\u00e0 socio-ambientale, migrazioni, pace e sicurezza. \u00c9 evidente che le riflessioni sull&#8217;energia, che figura tra i temi centrali in agenda, potranno giovarsi delle conclusioni del dibattito al Forum di Milano.<\/p>\n","protected":false},"excerpt":{"rendered":"Si \u00e8 conclusa ieri al Politecnico di Milano la due giorni del maggior foro di dialogo fra Europa ed Africa sui temi energetici, l&#8217;Africa Europe Energy Partnership (AEEP), che riunisce un ampio numero di stakeholders pubblici e privati del settore. L&#8217;energia \u00e8 un fattore determinante e sempre pi\u00f9 centrale nel dibattito internazionale sulle strategie di [&hellip;]","protected":false},"author":1,"featured_media":0,"comment_status":"","ping_status":"","sticky":false,"template":"","format":"standard","meta":{"footnotes":""},"categories":[23],"tags":[31,399],"class_list":["post-23445","post","type-post","status-publish","format-standard","hentry","category-interviste","tag-africa","tag-vice-ministri-e-sottosegretari-precedenti"],"_links":{"self":[{"href":"https:\/\/www.esteri.it\/it\/wp-json\/wp\/v2\/posts\/23445","targetHints":{"allow":["GET"]}}],"collection":[{"href":"https:\/\/www.esteri.it\/it\/wp-json\/wp\/v2\/posts"}],"about":[{"href":"https:\/\/www.esteri.it\/it\/wp-json\/wp\/v2\/types\/post"}],"author":[{"embeddable":true,"href":"https:\/\/www.esteri.it\/it\/wp-json\/wp\/v2\/users\/1"}],"replies":[{"embeddable":true,"href":"https:\/\/www.esteri.it\/it\/wp-json\/wp\/v2\/comments?post=23445"}],"version-history":[{"count":0,"href":"https:\/\/www.esteri.it\/it\/wp-json\/wp\/v2\/posts\/23445\/revisions"}],"wp:attachment":[{"href":"https:\/\/www.esteri.it\/it\/wp-json\/wp\/v2\/media?parent=23445"}],"wp:term":[{"taxonomy":"category","embeddable":true,"href":"https:\/\/www.esteri.it\/it\/wp-json\/wp\/v2\/categories?post=23445"},{"taxonomy":"post_tag","embeddable":true,"href":"https:\/\/www.esteri.it\/it\/wp-json\/wp\/v2\/tags?post=23445"}],"curies":[{"name":"wp","href":"https:\/\/api.w.org\/{rel}","templated":true}]}}