{"id":23448,"date":"2016-05-16T12:30:48","date_gmt":"2016-05-16T10:30:48","guid":{"rendered":"https:\/\/www.esteri.it\/sala_stampa\/archivionotizie\/comunicati\/2016\/05\/giro-sviluppo-e-diritti-umani-questo\/"},"modified":"2016-05-16T12:30:48","modified_gmt":"2016-05-16T10:30:48","slug":"giro-sviluppo-e-diritti-umani-questo","status":"publish","type":"post","link":"https:\/\/www.esteri.it\/it\/sala_stampa\/archivionotizie\/interviste\/2016\/05\/giro-sviluppo-e-diritti-umani-questo\/","title":{"rendered":"Giro: \u00abSviluppo e diritti umani questo il nostro patto con l\u2019 Africa\u00bb (l\u2019Unit\u00e0)"},"content":{"rendered":"<p>Mercoled\u00ec prossimo, per un giorno Roma sar\u00e0 la capitale dell&#8217;Africa. Il giorno della Conferenza Italia-Africa. Un evento di grande importanza, come emerge dalle considerazioni di uno degli artefici: Mario Giro, vice ministro degli Esteri con delega alla Cooperazione internazionale. \u00abIl nostro obiettivo &#8211; anticipa Giro all&#8217;Unit\u00e0- \u00e8 quello di creare un grande patto euro-africano\u00bb. Un patto ambizioso, capace di tenere insieme sviluppo e diritti umani. Un binomio che, sottolinea il vice ministro degli Esteri, deve essere inscindibile. Per l&#8217;Italia, inoltre, quello verso l&#8217;Africa \u00e8 anche un investimento politico-diplomatico, in vista del 28 giugno, quando l&#8217;Assemblea generale Onu voter\u00e0 i membri non permanenti del Consiglio di Sicurezza. L&#8217;Italia ha avanzato la sua candidatura, e il sostegno dei Paesi africani pu\u00f2 risultare decisivo. Come, lo stesso Giro ha avuto modo di rimarcare alla luce dell&#8217;impegno profuso, non solo dalla Farnesina ma dal capo dello Stato, Sergio Mattarella, e dal presidente del consiglio, Matteo Renzi: \u00abL&#8217;Africa conta una cinquantina di Stati, che sono tanti. Di sicuro, abbiamo un credito di simpatia molto grande, soprattutto in seguito alle operazioni di soccorso che l&#8217;Italia ha svolto nel Mediterraneo per salvare vite umane. Ovunque ci rechiamo, ci viene sempre ripetuto. E non solo in Africa\u00bb.<\/p>\n<p><strong>Qual \u00e8 il significato pi\u00f9 forte per il nostro Paese della Conferenza Italia-Africa? <\/strong><\/p>\n<p>\u00ab\u00c8 l&#8217;esemplificazione di una politica del Governo degli ultimi due anni, e cio\u00e8, come Matteo Renzi ha ribadito pi\u00f9 volte, l&#8217;Africa \u00e8 diventata la nostra priorit\u00e0 sia dal punto di vista politico sia sul piano economico. Oggi vediamo nell&#8217;Africa non solo in immenso giacimento a cielo aperto ma un continente partner dell&#8217;Europa con cui affrontare la globalizzazione\u00bb.<\/p>\n<p><strong>Come s&#8217;inserisce il Migration Compact che l&#8217;Italia ha proposto all&#8217;Europa per un intervento non emergenziale sui migranti? <\/strong><\/p>\n<p>\u00abIl Migration Compact parte dall&#8217;assunto che va creato un grande patto euro-africano, che coniughi insieme sviluppo e migrazione. \u00c8 indispensabile una responsabilit\u00e0 comune euro-africana, come abbiamo detto al Consiglio europeo Sviluppo di qualche giorno fa\u00bb.<\/p>\n<p><strong>Sviluppo e diritti umani: a volte, troppe, pensando all&#8217;Africa, sono ambedue negati, in altri casi i diritti umani vengono accantonati, come se fossero un optional. <\/strong><\/p>\n<p>\u00abSviluppo e diritti umani devono convivere. In ogni caso l&#8217;Africa \u2013 ma sarebbe meglio dire le Afriche &#8211; \u00e8 un continente in cui la democrazia, malgrado tutto, ha fatto passi in avanti in questi ultimi vent&#8217;anni. I cinesi pensano di investire. Ed \u00e8 un&#8217;ottima cosa, ma non basta. Noi pensiamo ad investire ma anche a far avanzare l&#8217;agenda dei diritti, cooperando insieme\u00bb.<\/p>\n<p><strong>Cooperare anche nel contrastare la penetrazione jihadista nel Continente africano? <\/strong><\/p>\n<p>\u00abSi tratta di un tema molto sensibile che per\u00f2 non ci deve far cambiare agenda. Non dobbiamo cedere all&#8217;intimidazione perch\u00e9 molti Paesi africani a maggioranza musulmana vogliono cooperare con gli altri, e con l&#8217;Europa, in uno spirito di convivenza\u00bb.<\/p>\n<p><strong>Qual \u00e8 il messaggio che con la Conferenza di Roma, l&#8217;Italia intende lanciare all&#8217;Europa?<\/strong><\/p>\n<p>\u00a0\u00abIl messaggio \u00e8 che l&#8217;Italia c&#8217;\u00e8. E c&#8217;\u00e8 con i fatti, con le politiche attivate, e non solo con le parole. Aumentiamo le risorse della cooperazione, stringiamo partenariati e con la Conferenza intendiamo creare un quadro stabile di collaborazione politica sui grandi temi globali, cos\u00ec come l&#8217;Italia sta gi\u00e0 facendo con l&#8217;America Latina\u00bb.<\/p>\n<p><strong>Quali \u00abAfriche\u00bb vorrebbe che venissero pi\u00f9 alla luce dai lavori della Conferenza di Roma? <\/strong><\/p>\n<p>\u00abNoi puntiamo oltre che sulle zone di nostra cooperazione tradizionale, come il Corno, anche sull&#8217;Africa occidentale e Centrale\u00bb.<\/p>\n<p><strong>La Conferenza Italia-Africa ha visto l&#8217;impegno del ministero degli Esteri e della nostra diplomazia nel suo complesso. Ma ritiene che puntare sull&#8217;Africa sia gi\u00e0 consapevolezza, patrimonio comune del sistema-Italia?<\/strong><\/p>\n<p>\u00a0\u00abPu\u00f2 diventarlo se prendiamo esempio da altri Paesi, se accompagniamo le nostre imprese, se facciamo una buona cooperazione allo sviluppo, se condividiamo la responsabilit\u00e0 dei flussi migratori. E se costruiamo un vero partenariato politico. Questo \u00e8, in definitiva, l&#8217;ambizioso ma possibile obiettivo della Conferenza di Roma\u00bb.<\/p>\n<p><strong>Nel recente Consiglio europeo a Bruxelles, avete presentato ai partner europei la nuova architettura della cooperazione italiana. Con quale riscontro? <\/strong><\/p>\n<p>\u00abUn ottimo riscontro. La presenteremo anche a Roma con il ministro Gentiloni. C&#8217;\u00e8 molta attenzione sull&#8217;Agenzia e sulla Cassa depositi e prestiti come Banca di sviluppo\u00bb.<\/p>\n","protected":false},"excerpt":{"rendered":"Mercoled\u00ec prossimo, per un giorno Roma sar\u00e0 la capitale dell&#8217;Africa. Il giorno della Conferenza Italia-Africa. Un evento di grande importanza, come emerge dalle considerazioni di uno degli artefici: Mario Giro, vice ministro degli Esteri con delega alla Cooperazione internazionale. \u00abIl nostro obiettivo &#8211; anticipa Giro all&#8217;Unit\u00e0- \u00e8 quello di creare un grande patto euro-africano\u00bb. Un [&hellip;]","protected":false},"author":1,"featured_media":0,"comment_status":"","ping_status":"","sticky":false,"template":"","format":"standard","meta":{"footnotes":""},"categories":[23],"tags":[399],"class_list":["post-23448","post","type-post","status-publish","format-standard","hentry","category-interviste","tag-vice-ministri-e-sottosegretari-precedenti"],"_links":{"self":[{"href":"https:\/\/www.esteri.it\/it\/wp-json\/wp\/v2\/posts\/23448","targetHints":{"allow":["GET"]}}],"collection":[{"href":"https:\/\/www.esteri.it\/it\/wp-json\/wp\/v2\/posts"}],"about":[{"href":"https:\/\/www.esteri.it\/it\/wp-json\/wp\/v2\/types\/post"}],"author":[{"embeddable":true,"href":"https:\/\/www.esteri.it\/it\/wp-json\/wp\/v2\/users\/1"}],"replies":[{"embeddable":true,"href":"https:\/\/www.esteri.it\/it\/wp-json\/wp\/v2\/comments?post=23448"}],"version-history":[{"count":0,"href":"https:\/\/www.esteri.it\/it\/wp-json\/wp\/v2\/posts\/23448\/revisions"}],"wp:attachment":[{"href":"https:\/\/www.esteri.it\/it\/wp-json\/wp\/v2\/media?parent=23448"}],"wp:term":[{"taxonomy":"category","embeddable":true,"href":"https:\/\/www.esteri.it\/it\/wp-json\/wp\/v2\/categories?post=23448"},{"taxonomy":"post_tag","embeddable":true,"href":"https:\/\/www.esteri.it\/it\/wp-json\/wp\/v2\/tags?post=23448"}],"curies":[{"name":"wp","href":"https:\/\/api.w.org\/{rel}","templated":true}]}}