{"id":23464,"date":"2016-03-29T11:47:54","date_gmt":"2016-03-29T09:47:54","guid":{"rendered":"https:\/\/www.esteri.it\/sala_stampa\/archivionotizie\/comunicati\/2016\/03\/della-vedova-tutte-queste-false\/"},"modified":"2016-03-29T11:47:54","modified_gmt":"2016-03-29T09:47:54","slug":"della-vedova-tutte-queste-false","status":"publish","type":"post","link":"https:\/\/www.esteri.it\/it\/sala_stampa\/archivionotizie\/interviste\/2016\/03\/della-vedova-tutte-queste-false\/","title":{"rendered":"Della Vedova: \u201cTutte queste false verit\u00e0 sono un danno per Al Sisi\u201d (L\u2019Unit\u00e0)"},"content":{"rendered":"<p>\u201cTutto quello che sta accadendo in Egitto sul caso Regeni sta mettendo in difficolt\u00e0 il governo di Al Sisi. Ecco perch\u00e8 tenderei ad escludere che queste innumerevoli e improbabili versioni rispondano ad una catena di comando direttamente connessa con il Presidente\u201d. Benedetto Della Vedova \u00e8 sottosegretario agli Esteri. E anche per sua formazione politica \u2013 \u00e8 stato e resta un Radicale \u2013 \u00e8 un osservatore speciale del caso Regeni.<\/p>\n<p><strong>Come giudica l\u2019ultima verit\u00e0 dell\u2019Egitto su Giulio Regeni? <\/strong><\/p>\n<p>\u201cLa valutazione finale spetta agli investigatori italiani. Per\u00f2 direi che la storia dei rapinatori sia come minimo inverosimile, comunque la si voglia vedere. \u00c8 evidente che da parte egiziana c\u2019\u00e8 ancora chi crede che una verit\u00e0 di comodo possa essere accettata. E per noi ogni occasione \u00e8 utile per ribadire che \u00e8 esclusa dall\u2019agenda ogni cosa che non sia la verit\u00e0\u201d.<\/p>\n<p><strong>Dalle informazioni in suo possesso, cosa \u00e8 successo a quel ragazzo? <\/strong><\/p>\n<p>\u201cSembra difficile che la tragica morte di Giulio Regeni non sia maturata per ragioni inerenti a quello che stava facendo, cio\u00e8 studi sui movimenti sindacali e di opposizione in Egitto. Ugualmente voglio escludere, perch\u00e8 troppo irrazionale, che queste false rivelazioni rispondano ad una catena di comando collegata con il governo che gi\u00e0 deve smarcarsi dalle accuse di autoritarismo\u201d.<\/p>\n<p><strong>Perch\u00e8 tende ad escluderlo? <\/strong><\/p>\n<p>\u201cIl cadavere dello studente \u00e8 stato fatto ritrovare il 3 febbraio, giorno in cui iniziava la visita al Cairo di politici e uomini d\u2019affari italiani. A cominciare da questo, \u00e8 evidente che tutte le presunte verit\u00e0, poi puntualmente smentite, costituiscono una perdita secca per il presidente Al Sisi e il suo staff. Se la si vuol vedere da un\u2019altra parte, Regeni era il simbolo di chi si muove per la libert\u00e0, non certo una minaccia per il governo. Insomma, detto con franchezza: non trovo vi fosse convenienza alcuna per il governo di eliminarlo e poi far ritrovare il cadavere. Detto ci\u00f2, a maggior ragione continuiamo a riporre fiducia nelle parole del Presidente Al Sisi sul fatto che si arrivi alla verit\u00e0\u201d.<\/p>\n<p><strong>L\u2019Egitto insiste nel fornire versioni ridicole, siamo alla sesta in due mesi. Avremo mai la verit\u00e0? <\/strong><\/p>\n<p>\u201cSi deve lavorare per quello. Senza alcun tipo di reticenza. La nostra fiducia nei confronti dell\u2019autorit\u00e0 egiziana si fonda sul fatto che la collaborazione tra i team investigativi e le due autorit\u00e0 giudiziarie non era cos\u00ec scontata. E anche sulla consapevolezza che Al Sisi ha tutto l\u2019interesse a dimostrare a noi, all\u2019Unione europea e all\u2019Occidente, la credibilit\u00e0 delle istituzioni egiziane. L\u2019apertura di credito di cui gode l\u2019Egitto di Al Sisi si basa sulla reciproca lealt\u00e0\u201d.<\/p>\n<p><strong>Quest\u2019ultima versione \u2013 sequestrato e ucciso da una banda di rapinatori tutti morti ma in possesso dei suoi documenti \u2013 arriva una settimana dopo un\u2019intervista molto tranquillizzante rilasciata al quotidiano la Repubblica dal presidente Al Sisi. Ci sono nessi tra le due cose?<\/strong><\/p>\n<p>\u201cStiamo vedendo che la versione non \u00e8 poi cos\u00ec granitica come sembrava. La domanda \u00e8 quali siano le ragioni che hanno spinto un pezzo dello Stato a presentare questa verit\u00e0 anche dopo quell\u2019intervista. Insomma, voglio solo seguire la logica e dico che questo tipo di rivelazioni non sono un favore ad Al Sisi\u201d.<\/p>\n<p><strong>Accredita l\u2019ipotesi della lotta interna tra apparati dello Stato? <\/strong><\/p>\n<p>\u201cAbbiamo le categorie conoscitive sufficienti per valutare questo tipo di cose. Anche l\u2019Italia \u00e8 piena di storie di rivalit\u00e0 tra le forze di polizia e dell\u2019intelligence che hanno complicato indagini e accertamenti\u201d.<\/p>\n<p><strong>Siamo certi che l\u2019Italia sta facendo tutto il possibile per arrivare alla verit\u00e0? Perch\u00e8 a volte si ha la sensazione che ci siano imbarazzi nell\u2019insistere per via delle nostre relazioni commerciali con l\u2019Egitto. <\/strong><\/p>\n<p>\u201cAl Sisi ha bisogno dell\u2019Italia, dell\u2019Europa e dell\u2019Occidente almeno quanto noi in questo momento abbiamo bisogno di un Egitto affidabile per via dell\u2019instabilit\u00e0 in nord Africa e Medioriente. Nel caso dell\u2019Italia anche per questioni di tipo strettamente commerciale. Direi che siamo reciprocamente imprescindibili. E non c\u2019\u00e8 dubbio che se bisogna cercare il cui prodest di questa brutta storia, questo va ricercato innanzitutto tra i nemici interni di Al Sisi. Il quale, ripeto, non pu\u00f2 giocarsi tutto coprendo o insabbiando la verit\u00e0 su Regeni\u201d.<\/p>\n<p><strong>Il presidente della Commissione Affari Esteri Pierferdinando Casini un mesetto fa, chiese di far tornare in Italia il nostro ambasciatore al Cairo. Che ne pensa? <\/strong><\/p>\n<p>\u201cCasini voleva dare un segnale. Comprensibile visto che eravamo, mi pare, all\u2019indomani dell\u2019ennesima bufala spedita da Il Cairo. Detto questo, noi dobbiamo dimostrare nei fatti e nel tempo, e lo faremo, la capacit\u00e0 di tenere una posizione non cerchiobottista ma seria e rigorosa. Fino all\u2019accertamento della verit\u00e0 come ci \u00e8 stato pi\u00f9 volte promesso dal Presidente egiziano\u201d.<strong><\/strong><\/p>\n","protected":false},"excerpt":{"rendered":"\u201cTutto quello che sta accadendo in Egitto sul caso Regeni sta mettendo in difficolt\u00e0 il governo di Al Sisi. Ecco perch\u00e8 tenderei ad escludere che queste innumerevoli e improbabili versioni rispondano ad una catena di comando direttamente connessa con il Presidente\u201d. Benedetto Della Vedova \u00e8 sottosegretario agli Esteri. E anche per sua formazione politica \u2013 [&hellip;]","protected":false},"author":1,"featured_media":0,"comment_status":"","ping_status":"","sticky":false,"template":"","format":"standard","meta":{"footnotes":""},"categories":[23],"tags":[399],"class_list":["post-23464","post","type-post","status-publish","format-standard","hentry","category-interviste","tag-vice-ministri-e-sottosegretari-precedenti"],"_links":{"self":[{"href":"https:\/\/www.esteri.it\/it\/wp-json\/wp\/v2\/posts\/23464","targetHints":{"allow":["GET"]}}],"collection":[{"href":"https:\/\/www.esteri.it\/it\/wp-json\/wp\/v2\/posts"}],"about":[{"href":"https:\/\/www.esteri.it\/it\/wp-json\/wp\/v2\/types\/post"}],"author":[{"embeddable":true,"href":"https:\/\/www.esteri.it\/it\/wp-json\/wp\/v2\/users\/1"}],"replies":[{"embeddable":true,"href":"https:\/\/www.esteri.it\/it\/wp-json\/wp\/v2\/comments?post=23464"}],"version-history":[{"count":0,"href":"https:\/\/www.esteri.it\/it\/wp-json\/wp\/v2\/posts\/23464\/revisions"}],"wp:attachment":[{"href":"https:\/\/www.esteri.it\/it\/wp-json\/wp\/v2\/media?parent=23464"}],"wp:term":[{"taxonomy":"category","embeddable":true,"href":"https:\/\/www.esteri.it\/it\/wp-json\/wp\/v2\/categories?post=23464"},{"taxonomy":"post_tag","embeddable":true,"href":"https:\/\/www.esteri.it\/it\/wp-json\/wp\/v2\/tags?post=23464"}],"curies":[{"name":"wp","href":"https:\/\/api.w.org\/{rel}","templated":true}]}}