{"id":23470,"date":"2016-03-14T14:27:56","date_gmt":"2016-03-14T13:27:56","guid":{"rendered":"https:\/\/www.esteri.it\/sala_stampa\/archivionotizie\/comunicati\/2016\/03\/giro-vogliamo-rafforzare-la-presenza\/"},"modified":"2016-03-14T14:27:56","modified_gmt":"2016-03-14T13:27:56","slug":"giro-vogliamo-rafforzare-la-presenza","status":"publish","type":"post","link":"https:\/\/www.esteri.it\/it\/sala_stampa\/archivionotizie\/interviste\/2016\/03\/giro-vogliamo-rafforzare-la-presenza\/","title":{"rendered":"Giro \u00abVogliamo rafforzare la presenza economica\u00bb (La Stampa)"},"content":{"rendered":"<p>Nei prossimi giorni il capo dello Stato Sergio Mattarella sar\u00e0 in Etiopia e, primo Presidente italiano, in Camerun. Con lui, il viceministro degli Esteri Mario Giro, grande conoscitore dell&#8217;Africa per i suoi anni trascorsi alla Comunit\u00e0 di Sant&#8217;Egidio.<\/p>\n<p><strong>Perch\u00e9 questa missione?<\/strong><\/p>\n<p>\u00abPerch\u00e9 dobbiamo stare in Africa in modo nuovo: per la nostra sicurezza, per le nuove opportunit\u00e0 economiche offerte alle nostre imprese, per rafforzare un legame con gli africani che, da tempo, guardano a noi come partner\u00bb.<\/p>\n<p><strong>Che tipo di rapporto abbiamo con l&#8217;Africa?<\/strong><\/p>\n<p>\u00abUna volta era pi\u00f9 vicina, oggi l&#8217;opinione pubblica si \u00e8 allontanata e ci fa velo la crisi dei migranti. Negli Anni 50-60 le nostre imprese erano molto presenti, e hanno lasciato un ottimo ricordo. C&#8217;\u00e8 domanda di Italia e di cooperazione: ora questo governo ha messo l&#8217;Africa in cima alle priorit\u00e0\u00bb.<\/p>\n<p><strong>Cosa significa?<\/strong><\/p>\n<p>\u00abViaggi, missioni, diplomazia economica. Dobbiamo tornare con le nostre imprese in Africa in maniera sostanziosa, e fare &#8220;nuova&#8221; cooperazione, che vuoi dire partenariato col settore privato\u00bb.<\/p>\n<p><strong>Un nuovo tipo di cooperazione che stiamo gi\u00e0 sperimentando? <\/strong><\/p>\n<p>\u00abSi: in Etiopia abbiamo dato vita a un progetto per preservare e commercializzare il caff\u00e8, che l\u00ec \u00e8 nato, insieme a Illy. Vogliamo fare in modo che questa innovazione diventi il nostro modo di stare in Africa. Il sistema Italia deve muoversi come un tridente: ong, imprese e cultura\u00bb.<\/p>\n<p><strong>C&#8217;\u00e8 affinit\u00e0 di vedute con gli Usa? <\/strong><\/p>\n<p>\u00abSu temi come la diplomazia economica e la sicurezza siamo totalmente sintonici\u00bb.<\/p>\n<p><strong>Manterrete la promessa di Renzi: \u00abNon saremo pi\u00f9 ultimi nella cooperazione internazionale\u00bb?<\/strong><\/p>\n<p>\u00a0\u00abSiamo ultimi tra i Paesi del G7 con lo 0,19% del Piilinvestito: vogliamo portare questa cifra allo 0,24-25%, il nostro obiettivo \u00e8 arrivare a essere i quarti o quinti\u00bb.<\/p>\n","protected":false},"excerpt":{"rendered":"Nei prossimi giorni il capo dello Stato Sergio Mattarella sar\u00e0 in Etiopia e, primo Presidente italiano, in Camerun. Con lui, il viceministro degli Esteri Mario Giro, grande conoscitore dell&#8217;Africa per i suoi anni trascorsi alla Comunit\u00e0 di Sant&#8217;Egidio. Perch\u00e9 questa missione? \u00abPerch\u00e9 dobbiamo stare in Africa in modo nuovo: per la nostra sicurezza, per le [&hellip;]","protected":false},"author":1,"featured_media":0,"comment_status":"","ping_status":"","sticky":false,"template":"","format":"standard","meta":{"footnotes":""},"categories":[23],"tags":[399],"class_list":["post-23470","post","type-post","status-publish","format-standard","hentry","category-interviste","tag-vice-ministri-e-sottosegretari-precedenti"],"_links":{"self":[{"href":"https:\/\/www.esteri.it\/it\/wp-json\/wp\/v2\/posts\/23470","targetHints":{"allow":["GET"]}}],"collection":[{"href":"https:\/\/www.esteri.it\/it\/wp-json\/wp\/v2\/posts"}],"about":[{"href":"https:\/\/www.esteri.it\/it\/wp-json\/wp\/v2\/types\/post"}],"author":[{"embeddable":true,"href":"https:\/\/www.esteri.it\/it\/wp-json\/wp\/v2\/users\/1"}],"replies":[{"embeddable":true,"href":"https:\/\/www.esteri.it\/it\/wp-json\/wp\/v2\/comments?post=23470"}],"version-history":[{"count":0,"href":"https:\/\/www.esteri.it\/it\/wp-json\/wp\/v2\/posts\/23470\/revisions"}],"wp:attachment":[{"href":"https:\/\/www.esteri.it\/it\/wp-json\/wp\/v2\/media?parent=23470"}],"wp:term":[{"taxonomy":"category","embeddable":true,"href":"https:\/\/www.esteri.it\/it\/wp-json\/wp\/v2\/categories?post=23470"},{"taxonomy":"post_tag","embeddable":true,"href":"https:\/\/www.esteri.it\/it\/wp-json\/wp\/v2\/tags?post=23470"}],"curies":[{"name":"wp","href":"https:\/\/api.w.org\/{rel}","templated":true}]}}