{"id":23476,"date":"2016-03-01T11:18:30","date_gmt":"2016-03-01T10:18:30","guid":{"rendered":"https:\/\/www.esteri.it\/sala_stampa\/archivionotizie\/comunicati\/2016\/03\/amendola-la-tregua-primo-passo\/"},"modified":"2016-03-01T11:18:30","modified_gmt":"2016-03-01T10:18:30","slug":"amendola-la-tregua-primo-passo","status":"publish","type":"post","link":"https:\/\/www.esteri.it\/it\/sala_stampa\/archivionotizie\/interviste\/2016\/03\/amendola-la-tregua-primo-passo\/","title":{"rendered":"Amendola: \u00abLa tregua primo passo per risolvere la crisi siriana\u00bb (l\u2019Unit\u00e0)"},"content":{"rendered":"<p>L\u2019arrivo ieri all&#8217;aeroporto di Fiumicino del primo gruppo di rifugiati siriani, nel quadro dell&#8217;iniziativa &#8220;corridoi umanitari&#8221; sostenuta dal Ministero degli Affari Esteri e promossa dalla Comunit\u00e0 di Sant&#8217;Egidio, dalla Tavola Valdese e dalla Federazione delle Chiese Evangeliche vede l&#8217;Italia impegnata in un programma di solidariet\u00e0 a favore di alcune famiglie siriane che hanno conosciuto l&#8217;orrore della guerra. L&#8217;operazione &#8220;corridoi sicuri&#8221; \u00e8 una goccia in un mare di sofferenza prodotto dalla pi\u00f9 grande crisi umanitaria dei nostri giorni. Se tale iniziativa venisse condivisa e replicata anche da altri partner europei si potrebbero salvare decine di migliaia di persone dal dramma dell&#8217;immigrazione clandestina, dai trafficanti di esseri umani e dalle scene brutali come quelle al confine tra Macedonia e Grecia. Dovere di accogliere e massimo impegno a fermare il conflitto devono procedere di pari passo. La crisi migratoria non la si risolve erigendo muri, ma attraverso un forcing politico per il cessate il fuoco in Siria, attraverso un approccio multilaterale figlio di una logica politica coerente.<br \/>\nDopo cinque anni di guerra, centinaia di migliaia di morti e milioni di profughi, la spirale della violenza sembra rallentare. La tregua, promossa dagli USA e dalla Russia e sostenuta dall&#8217;ISSG (International Syria Support Group) di cui fa parte l&#8217;Italia, sembra offrire un&#8217;alternativa fragile ma realistica al confronto militare, permettendo alle parti siriane di contemplare un necessario ritorno al tavolo negoziale. La diplomazia \u00e8 al lavoro affinch\u00e9 non cada nel vuoto l&#8217;invito formulato dall&#8217;Inviato ONU, Staffan de Mistura, a riprendere i colloqui a Ginevra il prossimo 7 marzo, una data simbolica poich\u00e9 lo stesso giorno si riunir\u00e0 un Consiglio europeo straordinario sulle tematiche migratorie. La tregua in corso &#8211; sancita dalla risoluzione 2268 adottata all&#8217;unanimit\u00e0 dal Consiglio di Sicurezza delle Nazioni Unite non rappresenta il primo tentativo di sospendere le attivit\u00e0 belliche, o di lanciare dei colloqui di pace. Nell&#8217;ottobre 2012, l&#8217;allora inviato ONU Brahimi avvi\u00f2 un effimero cessate il fuoco, che fu presto spazzato via da un nuovo round di violenze. Ed ancora nel gennaio 2014 un nuovo piano politico delineato da russi e americani negli incontri di Ginevra immediatamente approvato dal Consiglio di sicurezza dell&#8217;ONU, rimase poi lettera morta. Tentativi falliti in una guerra per procura dove differenti opzioni geopolitiche regionali hanno armato le milizie sul campo lasciando terreno fertile a chi ha innalzato la bandiera del califfato a Raqqa.<br \/>\nLa storia degli ultimi anni e i rovesci delle forze in guerra ci dicono che i prossimi giorni saranno dunque cruciali per spezzare la spirale della violenza e della sfiducia reciproca tra le parti siriane e per gettare il seme del negoziato attraverso il dialogo. Deve prevalere un approccio diplomatico che indichi alle potenze regionali, finalmente sedute allo stesso tavolo delle trattative, non una legittimit\u00e0 alla deterrenza ma l&#8217;obbligo al negoziato come unica via irrinunciabile. Si tratta di una posizione da tempo fatta propria dall&#8217;Italia (non solo rispetto al caso siriano) e propugnata con determinazione all&#8217;inizio da posizioni minoritarie. Una visione politica che avr\u00e0 maggior peso nei negoziati se sostenuta anche con sforzi umanitari, dai &#8220;corridoi sicuri&#8221; sino ai 400 milioni di euro stanziati dall&#8217;Italia per la Siria, rendendo concreta l&#8217;azione diplomatica del nostro paese.<\/p>\n","protected":false},"excerpt":{"rendered":"L\u2019arrivo ieri all&#8217;aeroporto di Fiumicino del primo gruppo di rifugiati siriani, nel quadro dell&#8217;iniziativa &#8220;corridoi umanitari&#8221; sostenuta dal Ministero degli Affari Esteri e promossa dalla Comunit\u00e0 di Sant&#8217;Egidio, dalla Tavola Valdese e dalla Federazione delle Chiese Evangeliche vede l&#8217;Italia impegnata in un programma di solidariet\u00e0 a favore di alcune famiglie siriane che hanno conosciuto l&#8217;orrore [&hellip;]","protected":false},"author":1,"featured_media":0,"comment_status":"","ping_status":"","sticky":false,"template":"","format":"standard","meta":{"footnotes":""},"categories":[23],"tags":[399],"class_list":["post-23476","post","type-post","status-publish","format-standard","hentry","category-interviste","tag-vice-ministri-e-sottosegretari-precedenti"],"_links":{"self":[{"href":"https:\/\/www.esteri.it\/it\/wp-json\/wp\/v2\/posts\/23476","targetHints":{"allow":["GET"]}}],"collection":[{"href":"https:\/\/www.esteri.it\/it\/wp-json\/wp\/v2\/posts"}],"about":[{"href":"https:\/\/www.esteri.it\/it\/wp-json\/wp\/v2\/types\/post"}],"author":[{"embeddable":true,"href":"https:\/\/www.esteri.it\/it\/wp-json\/wp\/v2\/users\/1"}],"replies":[{"embeddable":true,"href":"https:\/\/www.esteri.it\/it\/wp-json\/wp\/v2\/comments?post=23476"}],"version-history":[{"count":0,"href":"https:\/\/www.esteri.it\/it\/wp-json\/wp\/v2\/posts\/23476\/revisions"}],"wp:attachment":[{"href":"https:\/\/www.esteri.it\/it\/wp-json\/wp\/v2\/media?parent=23476"}],"wp:term":[{"taxonomy":"category","embeddable":true,"href":"https:\/\/www.esteri.it\/it\/wp-json\/wp\/v2\/categories?post=23476"},{"taxonomy":"post_tag","embeddable":true,"href":"https:\/\/www.esteri.it\/it\/wp-json\/wp\/v2\/tags?post=23476"}],"curies":[{"name":"wp","href":"https:\/\/api.w.org\/{rel}","templated":true}]}}