{"id":23482,"date":"2016-02-16T10:55:11","date_gmt":"2016-02-16T09:55:11","guid":{"rendered":"https:\/\/www.esteri.it\/sala_stampa\/archivionotizie\/comunicati\/2016\/02\/giro-c-e-complementarieta-il-sole\/"},"modified":"2016-02-16T10:55:11","modified_gmt":"2016-02-16T09:55:11","slug":"giro-c-e-complementarieta-il-sole","status":"publish","type":"post","link":"https:\/\/www.esteri.it\/it\/sala_stampa\/archivionotizie\/interviste\/2016\/02\/giro-c-e-complementarieta-il-sole\/","title":{"rendered":"Giro: \u00abC`\u00e8 complementariet\u00e0\u00bb (Il Sole 24 Ore)"},"content":{"rendered":"<p><strong>Q<\/strong>uello del premier Renzi \u00e8 un viaggio importante; \u00e8 il primo leader europeo a sbarcare a Buenos Aires dopo l&#8217;insediamento alla Casa Rosada di Mauricio Macri. Renzi torna in America Latina tre mesi dopo l&#8217;ultima missione latinoamericana in Cile, Per\u00f9, Colombia e Cuba . Un interesse rinnovato in una fase che Mario Giro, viceministro degli Esteri, definisce \u00abdi svolta\u00bb.<\/p>\n<p><strong>Viceministro Giro, l&#8217;Argentina \u00e8 nel pieno di una recessione economica. Il Fondo monetario internazionale conferma dati di crescita poco incoraggianti, per il 2016. Che giudizio ne da?<\/strong> \u00a0<\/p>\n<p>L&#8217;Argentina ha una lunga storia di resilienza alle crisi. Di certo viene da una stagione difficile, ma le prime mosse di politica monetaria sono state tempestive e importanti. Il controllo dei cambi \u00e9 stato un deterrente per le attivit\u00e0 imprenditoriali.<\/p>\n<p><strong>Quali potrebbero essere i benefici di questo viaggio?<\/strong><\/p>\n<p>Le relazioni tra Italia e Argentina sono sempre state eccellenti, questo cambio politico avvia una nuova modalit\u00e0: \u00e8 una svolta che prevede maggiori libert\u00e0 economica ma non si torner\u00e0 ai programmi ultraliberisti che hanno lasciato cattivi ricordi. In altre parole i programmi sociali che hanno caratterizzato i governi di Cristina Fernandez e Nestor Kirchner verranno rimodulati ma non abbandonati.<\/p>\n<p><strong>In quali settori l&#8217;Italia potrebbe offrire opportunit\u00e0 di collaborazione agli argentini?<\/strong><\/p>\n<p>Energia, trasporti, infrastrutture, turismo, tecnologie avanzate, turismo, avionico-spaziale. C&#8217;\u00e8 molta complementariet\u00e0 con l&#8217;Italia. Quella dell&#8217;Argentina \u00e8 una svolta pro-imprese.<\/p>\n<p><strong>I nodi sindacali, l&#8217;opposizione politica dei peronisti e le aperture commerciali ancora timide potrebbero disincentivare le imprese italiane?<\/strong><\/p>\n<p>Macri \u00e8 preparato, \u00e8 gi\u00e0 stato Capo del governo della citt\u00e0 di Buenos Aires, sa mediare. Non si far\u00e0 di certo condizionare dalle resistenze peroniste anche perch\u00e9 ha gi\u00e0 coinvolto, nel suo governo, esponenti di spicco del peronismo.<\/p>\n","protected":false},"excerpt":{"rendered":"Quello del premier Renzi \u00e8 un viaggio importante; \u00e8 il primo leader europeo a sbarcare a Buenos Aires dopo l&#8217;insediamento alla Casa Rosada di Mauricio Macri. Renzi torna in America Latina tre mesi dopo l&#8217;ultima missione latinoamericana in Cile, Per\u00f9, Colombia e Cuba . Un interesse rinnovato in una fase che Mario Giro, viceministro degli [&hellip;]","protected":false},"author":1,"featured_media":0,"comment_status":"","ping_status":"","sticky":false,"template":"","format":"standard","meta":{"footnotes":""},"categories":[23],"tags":[399],"class_list":["post-23482","post","type-post","status-publish","format-standard","hentry","category-interviste","tag-vice-ministri-e-sottosegretari-precedenti"],"_links":{"self":[{"href":"https:\/\/www.esteri.it\/it\/wp-json\/wp\/v2\/posts\/23482","targetHints":{"allow":["GET"]}}],"collection":[{"href":"https:\/\/www.esteri.it\/it\/wp-json\/wp\/v2\/posts"}],"about":[{"href":"https:\/\/www.esteri.it\/it\/wp-json\/wp\/v2\/types\/post"}],"author":[{"embeddable":true,"href":"https:\/\/www.esteri.it\/it\/wp-json\/wp\/v2\/users\/1"}],"replies":[{"embeddable":true,"href":"https:\/\/www.esteri.it\/it\/wp-json\/wp\/v2\/comments?post=23482"}],"version-history":[{"count":0,"href":"https:\/\/www.esteri.it\/it\/wp-json\/wp\/v2\/posts\/23482\/revisions"}],"wp:attachment":[{"href":"https:\/\/www.esteri.it\/it\/wp-json\/wp\/v2\/media?parent=23482"}],"wp:term":[{"taxonomy":"category","embeddable":true,"href":"https:\/\/www.esteri.it\/it\/wp-json\/wp\/v2\/categories?post=23482"},{"taxonomy":"post_tag","embeddable":true,"href":"https:\/\/www.esteri.it\/it\/wp-json\/wp\/v2\/tags?post=23482"}],"curies":[{"name":"wp","href":"https:\/\/api.w.org\/{rel}","templated":true}]}}