{"id":23518,"date":"2015-12-10T12:24:51","date_gmt":"2015-12-10T11:24:51","guid":{"rendered":"https:\/\/www.esteri.it\/sala_stampa\/archivionotizie\/comunicati\/2015\/12\/giro-con-macri-l-argentina-prova\/"},"modified":"2015-12-10T12:24:51","modified_gmt":"2015-12-10T11:24:51","slug":"giro-con-macri-l-argentina-prova","status":"publish","type":"post","link":"https:\/\/www.esteri.it\/it\/sala_stampa\/archivionotizie\/interviste\/2015\/12\/giro-con-macri-l-argentina-prova\/","title":{"rendered":"Giro: \u201cCon Macri l&#8217;Argentina prova a superare il peronismo\u201d (Il Sole 24 ore)"},"content":{"rendered":"<p>Oggi s&#8217;insedia in Argentina il nuovo presidente, Mauricio Macri, il candidato del &#8220;cambio&#8221;. La sua forza politica \u00e8 singolare per l&#8217;Argentina contemporanea: n\u00e9 radicale n\u00e9 peronista, appare pi\u00f9 legata alla tradizione liberale e riformista europea. Quella di Macri \u00e8 stata una vittoria che segna un cambiamento di ciclo politico, che avr\u00e0 impatto su tutto il subcontinente.<\/p>\n<p>Come nel 1983, nel 1999 e nel 2003, il voto determina inoltre un&#8217;alternanza importante, a dimostrazione che la democrazia in Argentina funziona..<\/p>\n<p>Macri rappresenta un modo diverso di fare politica, che le categorie tradizionali &#8220;destra-sinistra&#8221; o &#8220;peronisti-radicali&#8221; non contribuiscono a spiegare. Pi\u00f9 utile concentrare l&#8217;attenzione sul nuovo umore sociale del paese e sul desiderio di protagonismo delle classi medie. Con Macri giunge al potere una nuova classe dirigente, meno &#8220;latinoamericano-centrica&#8221; e pi\u00f9 attenta ai processi globali, sia politici che economici. La posta in gioco \u00e8 alta, non avendo il neo presidente una maggioranza in Senato e con 16 delle 24 provincie del paese in mano ai peronisti, essenzialmente di tendenza kirchnerista.<\/p>\n<p>A fronte di aspettative importanti sul piano economico-monetario e dell&#8217;insicurezza generata dal narcotraffico, Mauricio Macri avr\u00e0 sulle prime ridotti margini di manovra sul piano finanziario. Il suo programma di riforme richiede un rapido cambio di direzione sia per il controllo dell&#8217;inflazione, che sui salari, la spesa pubblica e la politica monetaria in particolare. Su tali questioni si attendono forti trasformazioni che rendano l&#8217;Argentina pi\u00f9 attrattiva per investitori e mercato.<\/p>\n<p>Pur facendo uscire l&#8217;Argentina dal clamore ideologico di questi ultimi anni, Macri non muter\u00e0 linea su recenti importanti conquiste, che vanno dal tema dei diritti umani alle conquiste sociali. Ha fatto gi\u00e0 sue alcune politiche kirchneriste, soprattutto in ambito socio-educativo, indicando che molti progressi ottenuti nel decennio precedente sul tema &#8220;crescita con inclusione sociale&#8221;, sono un patrimonio da preservare. Il nuovo governo, composto da vari tecnici, si forma cos\u00ec all&#8217;insegna del cambiamento ma anche della continuit\u00e0 sul piano sociale. Il fragile equilibrio parlamentare, che assegna all&#8217;opposizione il controllo di una delle due camere, lo spinge ad avviare uno stile nuovo perla politica argentina: la concertazione con le altre forze politiche.<\/p>\n<p>Sul piano internazionale Macri invece innover\u00e0 molto, riprendendo molti rapporti raffreddati in questi ultimi anni, come con l&#8217;Europa, gli Stati Uniti e oltre. Da liberale pragmatico, il Presidente deve ridare centralit\u00e0 al posizionamento estero del suo paese. Un segnale chiaro in questo senso \u00e8 la nomina a Ministra degli Esteri di Susana Malcorra, fino ad ora capo di gabinetto di Ban Ki-Moon, una vera professionista delle relazioni internazionali. Una delle priorit\u00e0 \u00e8 rimettere in movimento il processo d&#8217;integrazione regionale, iniziando dalla ripresa dei negoziati dell&#8217;Accordo UEMercosur, al centro dei suoi incontri in Brasile dove si \u00e8 recato subito dopo la vittoria. Per quanto riguarda l&#8217;Italia, il nostro Paese -grazie ai legami storici e culturali- \u00e8 sempre stato pronto a sostenere l&#8217;Argentina nelle sue sfide interne ed esterne. Con Macri -lui stesso di origine calabrese- ci sono forti margini per un rinnovato ed ulteriore rafforzamento dei rapporti economici e del dialogo politico che non si \u00e8 mai interrotto.<\/p>\n","protected":false},"excerpt":{"rendered":"Oggi s&#8217;insedia in Argentina il nuovo presidente, Mauricio Macri, il candidato del &#8220;cambio&#8221;. La sua forza politica \u00e8 singolare per l&#8217;Argentina contemporanea: n\u00e9 radicale n\u00e9 peronista, appare pi\u00f9 legata alla tradizione liberale e riformista europea. Quella di Macri \u00e8 stata una vittoria che segna un cambiamento di ciclo politico, che avr\u00e0 impatto su tutto il [&hellip;]","protected":false},"author":1,"featured_media":0,"comment_status":"","ping_status":"","sticky":false,"template":"","format":"standard","meta":{"footnotes":""},"categories":[23],"tags":[399],"class_list":["post-23518","post","type-post","status-publish","format-standard","hentry","category-interviste","tag-vice-ministri-e-sottosegretari-precedenti"],"_links":{"self":[{"href":"https:\/\/www.esteri.it\/it\/wp-json\/wp\/v2\/posts\/23518","targetHints":{"allow":["GET"]}}],"collection":[{"href":"https:\/\/www.esteri.it\/it\/wp-json\/wp\/v2\/posts"}],"about":[{"href":"https:\/\/www.esteri.it\/it\/wp-json\/wp\/v2\/types\/post"}],"author":[{"embeddable":true,"href":"https:\/\/www.esteri.it\/it\/wp-json\/wp\/v2\/users\/1"}],"replies":[{"embeddable":true,"href":"https:\/\/www.esteri.it\/it\/wp-json\/wp\/v2\/comments?post=23518"}],"version-history":[{"count":0,"href":"https:\/\/www.esteri.it\/it\/wp-json\/wp\/v2\/posts\/23518\/revisions"}],"wp:attachment":[{"href":"https:\/\/www.esteri.it\/it\/wp-json\/wp\/v2\/media?parent=23518"}],"wp:term":[{"taxonomy":"category","embeddable":true,"href":"https:\/\/www.esteri.it\/it\/wp-json\/wp\/v2\/categories?post=23518"},{"taxonomy":"post_tag","embeddable":true,"href":"https:\/\/www.esteri.it\/it\/wp-json\/wp\/v2\/tags?post=23518"}],"curies":[{"name":"wp","href":"https:\/\/api.w.org\/{rel}","templated":true}]}}