{"id":23526,"date":"2015-11-16T10:08:37","date_gmt":"2015-11-16T09:08:37","guid":{"rendered":"https:\/\/www.esteri.it\/sala_stampa\/archivionotizie\/comunicati\/2015\/11\/italia-in-prima-linea-ma-e-un-errore\/"},"modified":"2015-11-16T10:08:37","modified_gmt":"2015-11-16T09:08:37","slug":"italia-in-prima-linea-ma-e-un-errore","status":"publish","type":"post","link":"https:\/\/www.esteri.it\/it\/sala_stampa\/archivionotizie\/interviste\/2015\/11\/italia-in-prima-linea-ma-e-un-errore\/","title":{"rendered":"Gentiloni: \u00abItalia in prima linea ma \u00e8 un errore parlare di guerra\u00bb (Le Repubblica)"},"content":{"rendered":"<p>\u00abNon chiamiamola guerra\u00bb. II ministro degli Esteri Paolo Gentiloni \u00e8 sull&#8217;aereo che lo porta a Bruxelles per il consiglio mensile dei capi della diplomazia europea. All&#8217;ordine del giorno c&#8217;\u00e8 l&#8217;immigrazione, ma l&#8217;agenda cambier\u00e0 dopo le stragi di Parigi. L&#8217;invito del titolare della Farnesina \u00e8 quello di usare con cautela certe parole. \u00abNoi siamo in prima linea nel contrasto a Daesh, il sedicente stato islamico. Soprattutto in Iraq. Ma l&#8217;importante \u00e8 reagire a queste azioni di guerra senza sentirsi in guerra anche noi. Sarebbe il regalo pi\u00f9 grande che possiamo fare ai terroristi\u00bb.<\/p>\n<p><strong>Cosa significa, ministro? Far finta di niente? <\/strong><\/p>\n<p>\u00abAssolutamente no e l&#8217;impegno italiano lo dimostra ampiamente. In Iraq, subito dietro gli americani e l&#8217;Iran, siamo il Paese pi\u00f9 attivo e presente della coalizione. Lavoriamo su due fronti: fornendo armi e addestramento ai 7 mila peshmerga e, nel governatorato di Anbar, collaborando con le forze irachene regolari. Non voglio dire che sia merito dell&#8217;Italia, delle nostre armi e dei nostri addestratori, ma i peshmerga hanno riconquistato il Sinjar e esercitano il controllo sulla strada che porta da Mosul a Raqqa che nell&#8217;immaginario del cosiddetto Califfato sono le loro capitali, una in Iraq e l&#8217;altra in Siria. Vuol dire che sul piano del contrasto militare stiamo ottenendo dei risultati\u00bb.<\/p>\n<p><strong>Poi per\u00f2 \u00e8 arrivato il venerd\u00ec di Parigi. <\/strong><\/p>\n<p>\u00abUna tragedia enorme che avr\u00e0 conseguenze psicologiche ed economiche difficili anche da immaginare. E che in Francia, adesso, giustifica i discorsi sulla guerra. Ma penso che noi non dobbiamo entrare in questa spirale, dobbiamo rimanere aggrappati al nostro modo di vivere, non possiamo darla vinta ai terroristi\u00bb.<\/p>\n<p><strong>Solo una questione semantica? <\/strong><\/p>\n<p>\u00abDobbiamo combattere i terroristi sul piano militare, senza entrare per\u00f2 in una dinamica di conflitto. Un Paese che si sente in guerra \u00e8 un Paese che deve rinunciare a una parte di s\u00e9, dovrebbe chiudere subito Schengen per esempio. Ora \u00e8 pi\u00f9 utile invece affrontare questa emergenza assoluta tutti uniti, con una collaborazione delle forze politiche. Il vertice di sabato mi ha colpito. \u00c8 stata una riunione molto seria, molto produttiva. Ognuno ha espresso le proprie idee, ma confrontandosi con gli altri. Non serve coltivare le paure e non serve alimentare le polemiche\u00bb.<\/p>\n<p><strong>Quali sono i pericoli per l&#8217;Italia? <\/strong><\/p>\n<p>\u00abDobbiamo essere seri: non esiste un Paese che sia immune dalle minacce dell&#8217;Isis e quindi dobbiamo, come tutti i Paesi europei e i Paesi arabi, tenere alto il livello di sicurezza\u00bb.<\/p>\n<p><strong>Il Giubileo \u00e8 un bersaglio? <\/strong><\/p>\n<p>\u00abNon credo che in s\u00e9 il Giubileo rappresenti un maggior elemento di allarme. Daesh fa riferimento a Roma in modo simbolico, ricordando le crociate, pi\u00f9 che con l&#8217;intenzione di esprimere minacce precise\u00bb.<\/p>\n<p><strong>Quali sono i prossimi passi della comunit\u00e0 internazionale? <\/strong><\/p>\n<p>\u00abL&#8217;impressione \u00e8 che gli Stati uniti vogliano avvicinarsi a Raqqa sfruttando il momento di difficolt\u00e0 dell&#8217;Isis. Sul terreno di Siria e Kurdistan c&#8217;\u00e8 e funziona quello che loro vogliono chiamare il coordinamento tecnico con i russi\u00bb.<\/p>\n<p><strong>Con Assad quale atteggiamento va tenuto, qual \u00e8 la posizione dell&#8217;Italia? <\/strong><\/p>\n<p>\u00abBisogna affidarsi al contributo determinante della Russia per un&#8217;uscita di scena di Assad. Non mi stupirei di un&#8217;intensificazione dell&#8217;azione militare in Iraq e in Siria. Ma se \u00e8 vero che siamo in prima linea nel contrasto all&#8217;Isis soprattutto in Iraq, per quanto riguarda la Siria l&#8217;Italia punta in particolare a una soluzione diplomatica. Mi sembra che il dialogo tra la Russia e gli Stati Uniti possa andare in questa direzione\u00bb.<\/p>\n","protected":false},"excerpt":{"rendered":"\u00abNon chiamiamola guerra\u00bb. II ministro degli Esteri Paolo Gentiloni \u00e8 sull&#8217;aereo che lo porta a Bruxelles per il consiglio mensile dei capi della diplomazia europea. All&#8217;ordine del giorno c&#8217;\u00e8 l&#8217;immigrazione, ma l&#8217;agenda cambier\u00e0 dopo le stragi di Parigi. L&#8217;invito del titolare della Farnesina \u00e8 quello di usare con cautela certe parole. \u00abNoi siamo in prima [&hellip;]","protected":false},"author":1,"featured_media":0,"comment_status":"","ping_status":"","sticky":false,"template":"","format":"standard","meta":{"footnotes":""},"categories":[23],"tags":[76],"class_list":["post-23526","post","type-post","status-publish","format-standard","hentry","category-interviste","tag-ministri-precedenti"],"_links":{"self":[{"href":"https:\/\/www.esteri.it\/it\/wp-json\/wp\/v2\/posts\/23526","targetHints":{"allow":["GET"]}}],"collection":[{"href":"https:\/\/www.esteri.it\/it\/wp-json\/wp\/v2\/posts"}],"about":[{"href":"https:\/\/www.esteri.it\/it\/wp-json\/wp\/v2\/types\/post"}],"author":[{"embeddable":true,"href":"https:\/\/www.esteri.it\/it\/wp-json\/wp\/v2\/users\/1"}],"replies":[{"embeddable":true,"href":"https:\/\/www.esteri.it\/it\/wp-json\/wp\/v2\/comments?post=23526"}],"version-history":[{"count":0,"href":"https:\/\/www.esteri.it\/it\/wp-json\/wp\/v2\/posts\/23526\/revisions"}],"wp:attachment":[{"href":"https:\/\/www.esteri.it\/it\/wp-json\/wp\/v2\/media?parent=23526"}],"wp:term":[{"taxonomy":"category","embeddable":true,"href":"https:\/\/www.esteri.it\/it\/wp-json\/wp\/v2\/categories?post=23526"},{"taxonomy":"post_tag","embeddable":true,"href":"https:\/\/www.esteri.it\/it\/wp-json\/wp\/v2\/tags?post=23526"}],"curies":[{"name":"wp","href":"https:\/\/api.w.org\/{rel}","templated":true}]}}