{"id":2426,"date":"2020-01-29T17:25:34","date_gmt":"2020-01-29T16:25:34","guid":{"rendered":"https:\/\/www.esteri.it\/sala_stampa\/archivionotizie\/comunicati\/2020\/01\/incontro-del-ministro-luigi-di-maio-con-il-ministro-degli-esteri-cipriota-nikos-christodoulides\/"},"modified":"2020-01-29T17:25:34","modified_gmt":"2020-01-29T16:25:34","slug":"incontro-del-ministro-luigi-di-maio-con-il-ministro-degli-esteri-cipriota-nikos-christodoulides","status":"publish","type":"post","link":"https:\/\/www.esteri.it\/it\/sala_stampa\/archivionotizie\/comunicati\/2020\/01\/incontro-del-ministro-luigi-di-maio-con-il-ministro-degli-esteri-cipriota-nikos-christodoulides\/","title":{"rendered":"Incontro del  Ministro Luigi Di Maio con il Ministro degli Esteri cipriota, Nikos Christodoulides"},"content":{"rendered":"<p>I Ministri degli Affari Esteri di Italia e Cipro si sono incontrati oggi a Roma per discutere delle loro eccellenti relazioni bilaterali, della crisi della Libia, di migrazioni, dei pi\u00f9 recenti sviluppi nel Mediterraneo orientale e di questioni relative all&#8217;energia.<\/p>\n<p>Ricordando le Conclusioni del Consiglio Europeo di ottobre e dicembre 2019, l&#8217;Italia ha ribadito la sua piena solidariet\u00e0 a Cipro sulle continue attivit\u00e0 di trivellazione illegali della Turchia nel Mediterraneo orientale, nella completa inosservanza della sovranit\u00e0 di Cipro e dei suoi diritti sovrani.<\/p>\n<p>I due Ministri, accogliendo con favore l&#8217;invito del Governo di Cipro a negoziare con la Turchia della scorsa estate, [CAE luglio 2019], hanno convenuto che la delimitazione delle zone economiche esclusive e della piattaforma continentale dovrebbero essere affrontate attraverso il dialogo e i negoziati in buona fede, nel pieno rispetto del diritto internazionale e conformemente al principio delle relazioni di buon vicinato.<\/p>\n<p>In questo contesto, il Protocollo d&#8217;intesa firmato dalla Libia e dalla Turchia sulla delimitazione della piattaforma continentale \u00e8 inaccettabile, viola i diritti sovrani dei Paesi terzi, non \u00e8 conforme alla legge del mare e non pu\u00f2 produrre conseguenze giuridiche per i Paesi terzi . [Dicembre 2019, Consiglio Europeo] Solo attraverso una cooperazione autentica e in buona fede, le risorse naturali nel Mediterraneo beneficeranno tutti i popoli che vivono nella regione.<\/p>\n<p>Hanno inoltre concordato sulla necessit\u00e0 di accelerare l&#8217;attuazione della decisione del Consiglio Europeo, finalizzando le liste sul regime di misure restrittive che colpiscono coloro che sono responsabili o coinvolti nell&#8217;attivit\u00e0 di trivellazione illegale di idrocarburi nel Mediterraneo orientale.<\/p>\n","protected":false},"excerpt":{"rendered":"I Ministri degli Affari Esteri di Italia e Cipro si sono incontrati oggi a Roma per discutere delle loro eccellenti relazioni bilaterali, della crisi della Libia, di migrazioni, dei pi\u00f9 recenti sviluppi nel Mediterraneo orientale e di questioni relative all&#8217;energia. Ricordando le Conclusioni del Consiglio Europeo di ottobre e dicembre 2019, l&#8217;Italia ha ribadito la [&hellip;]","protected":false},"author":1,"featured_media":0,"comment_status":"","ping_status":"","sticky":false,"template":"","format":"standard","meta":{"footnotes":""},"categories":[1],"tags":[6,76,42],"class_list":["post-2426","post","type-post","status-publish","format-standard","hentry","category-comunicati","tag-mediterraneo-e-medio-oriente","tag-ministri-precedenti","tag-unione-europea"],"_links":{"self":[{"href":"https:\/\/www.esteri.it\/it\/wp-json\/wp\/v2\/posts\/2426","targetHints":{"allow":["GET"]}}],"collection":[{"href":"https:\/\/www.esteri.it\/it\/wp-json\/wp\/v2\/posts"}],"about":[{"href":"https:\/\/www.esteri.it\/it\/wp-json\/wp\/v2\/types\/post"}],"author":[{"embeddable":true,"href":"https:\/\/www.esteri.it\/it\/wp-json\/wp\/v2\/users\/1"}],"replies":[{"embeddable":true,"href":"https:\/\/www.esteri.it\/it\/wp-json\/wp\/v2\/comments?post=2426"}],"version-history":[{"count":0,"href":"https:\/\/www.esteri.it\/it\/wp-json\/wp\/v2\/posts\/2426\/revisions"}],"wp:attachment":[{"href":"https:\/\/www.esteri.it\/it\/wp-json\/wp\/v2\/media?parent=2426"}],"wp:term":[{"taxonomy":"category","embeddable":true,"href":"https:\/\/www.esteri.it\/it\/wp-json\/wp\/v2\/categories?post=2426"},{"taxonomy":"post_tag","embeddable":true,"href":"https:\/\/www.esteri.it\/it\/wp-json\/wp\/v2\/tags?post=2426"}],"curies":[{"name":"wp","href":"https:\/\/api.w.org\/{rel}","templated":true}]}}