{"id":24562,"date":"2012-05-07T08:58:32","date_gmt":"2012-05-07T06:58:32","guid":{"rendered":"https:\/\/www.esteri.it\/sala_stampa\/archivionotizie\/comunicati\/2012\/05\/20120507_bonivernigeria\/"},"modified":"2012-05-07T08:58:32","modified_gmt":"2012-05-07T06:58:32","slug":"20120507_bonivernigeria","status":"publish","type":"post","link":"https:\/\/www.esteri.it\/it\/sala_stampa\/archivionotizie\/interviste\/2012\/05\/20120507_bonivernigeria\/","title":{"rendered":"Boniver \u00abIn Africa si rischia un altro Afghanistan\u00bb (Secolo d\u2019Italia)"},"content":{"rendered":"<p><P>\u00abSe non stiamo attenti, qui si rischia un nuovo Afghanistan\u00bb. A lanciare l&#8217;allarme \u00e8 Margherita Boniver, inviata del ministro degli Esteri per le emergenze umanitarie, rientrata da poco dalla capitale della Nigeria Abuja, dopo gli attentati contro i cristiani da parte della setta Boko Haram. L&#8217;ultimo dei quali avvenuto proprio ieri in un mercato nel nordest della Nigeria che ha provocato la morte di almeno 60 persone, dove uomini armati hanno gettato bombe e aperto il fuoco con armi automatiche nel mercato di bestiame di Potiskum. <\/P><br \/>\n<P><STRONG>Come mai prospetta questo pericolo? <\/STRONG><\/P><br \/>\n<P>\u00abIn Nigeria ho avuto colloqui con le massime autorit\u00e0 istituzionali e religiose, sia islamiche sia cristiane, ma soprattutto ho percepito una situazione di grande instabilit\u00e0 derivante dalla raffica di attentati sanguinosi che da qualche tempo avvengono nel Paese\u00bb. <\/P><br \/>\n<P><STRONG>Si tratta di un contrasto inter religioso? <\/STRONG><\/P><br \/>\n<P>\u00abNo, assolutamente. In Nigeria, a quanto dicono concordemente gli esponenti religiosi e politici, la convivenza tra animisti, cristiani e musulmani \u00e8 sempre stata totale. Le varie comunit\u00e0 hanno sempre lavorato insieme, nel rispetto reciproco. Sono questi ultimi fatti cruenti che stanno di fatto creando una frattura. Praticamente non passa giorno che Boko Haram, questa setta di fanatici disprezzata dagli stessi musulmani, non compia qualche atto criminale, che poi non fa distinzione di religione o di etnia tra le vittime\u00bb.<\/P><br \/>\n<P><STRONG>Ma chi sono questi terroristi di Boko Haram?<\/STRONG><\/P><br \/>\n<P>\u00abLetteralmente Boko Haram significa \u00abl&#8217;educazione occidentale \u00e8 un peccato\u00bb, ma la connotazione religiosa \u00e8 pressoch\u00e9 insignificante, perch\u00e9 \u00e8 una setta di fanatici oscurantisti che vorrebbe imporle la sharia, ma la loro sharia, su tutta la Nigeria. Fondata dieci anni fa, \u00e8 venuta alla ribalta delle cronache solo negli ultimi anni, anche grazie al rapimento e alla successiva uccisione del nostro concittadino, l&#8217;ingegner Franco Lamolinara\u00bb. <\/P><br \/>\n<P><STRONG>Perch\u00e9 Boko Haram \u00e8 cos\u00ec temuto dallo Stato nigeriano? <\/STRONG><\/P><br \/>\n<P>\u00abPer varie ragioni. Innanzitutto perch\u00e9 sta frantumando la fiducia tra le due comunit\u00e0 religiose e la fiducia di queste nello Stato; ma soprattutto perch\u00e9 si teme, e ci sono prove concrete, che la setta faccia parte di una pi\u00f9 vasta rete, in questa zona dell&#8217;Africa, che comprende anche al Qaeda-Maghreb e gli stessi Shabaab somali. Boko Haram, a quanto apprende l&#8217;intelligence nigeriano, sta facendo proseliti attirando anche miliziani dall&#8217;estero. Per questo sostengo che il pericolo \u00e8 quello di una realizzazione, nel cuore del continente, di un nuovo Afghanistan, che sarebbe peggiore perch\u00e9 queste regioni sono davvero in massima parte delle &#8220;no-menlands&#8221;\u00bb. <\/P><br \/>\n<P><STRONG>La Nigeria<\/STRONG><STRONG> non \u00e8 in grado di affrontare la minaccia? <\/STRONG><\/P><br \/>\n<P>\u00abIl governo fa quello che pu\u00f2, ma ovviamente la prevenzione non basta. Anche perch\u00e9 la Nigeria, Paese di circa 160 milioni di abitanti, ha dei grandissimi problemi: il 64 per cento della popolazione vive con un dollaro al giorno, e nelle zone dove si estrae il petrolio la popolazione \u00e8 poverissima. L\u00ec operano altri gruppi armati, come il Mend, e si va espandendo il fenomeno del &#8220;bunkering&#8221;, che vede bande di nigeriani estrarre il greggio illegalmente, metterlo nei barili e venderlo di contrabbando. Per questo ribadisco che la Nigeria non deve essere lasciata sola: il contenimento dei gruppi armati deve certo essere compito delle istituzioni nigeriane, aiutate per\u00f2 dall&#8217;Onu e dalla Comunit\u00e0 internazionale, giacch\u00e9 la minaccia travalica i confini dell&#8217;ex colonia inglese\u00bb.<\/P><\/p>\n","protected":false},"excerpt":{"rendered":"\u00abSe non stiamo attenti, qui si rischia un nuovo Afghanistan\u00bb. A lanciare l&#8217;allarme \u00e8 Margherita Boniver, inviata del ministro degli Esteri per le emergenze umanitarie, rientrata da poco dalla capitale della Nigeria Abuja, dopo gli attentati contro i cristiani da parte della setta Boko Haram. L&#8217;ultimo dei quali avvenuto proprio ieri in un mercato nel [&hellip;]","protected":false},"author":1,"featured_media":0,"comment_status":"","ping_status":"","sticky":false,"template":"","format":"standard","meta":{"footnotes":""},"categories":[23],"tags":[31,404],"class_list":["post-24562","post","type-post","status-publish","format-standard","hentry","category-interviste","tag-africa","tag-sicurezza"],"_links":{"self":[{"href":"https:\/\/www.esteri.it\/it\/wp-json\/wp\/v2\/posts\/24562","targetHints":{"allow":["GET"]}}],"collection":[{"href":"https:\/\/www.esteri.it\/it\/wp-json\/wp\/v2\/posts"}],"about":[{"href":"https:\/\/www.esteri.it\/it\/wp-json\/wp\/v2\/types\/post"}],"author":[{"embeddable":true,"href":"https:\/\/www.esteri.it\/it\/wp-json\/wp\/v2\/users\/1"}],"replies":[{"embeddable":true,"href":"https:\/\/www.esteri.it\/it\/wp-json\/wp\/v2\/comments?post=24562"}],"version-history":[{"count":0,"href":"https:\/\/www.esteri.it\/it\/wp-json\/wp\/v2\/posts\/24562\/revisions"}],"wp:attachment":[{"href":"https:\/\/www.esteri.it\/it\/wp-json\/wp\/v2\/media?parent=24562"}],"wp:term":[{"taxonomy":"category","embeddable":true,"href":"https:\/\/www.esteri.it\/it\/wp-json\/wp\/v2\/categories?post=24562"},{"taxonomy":"post_tag","embeddable":true,"href":"https:\/\/www.esteri.it\/it\/wp-json\/wp\/v2\/tags?post=24562"}],"curies":[{"name":"wp","href":"https:\/\/api.w.org\/{rel}","templated":true}]}}