{"id":24593,"date":"2012-03-16T08:04:43","date_gmt":"2012-03-16T07:04:43","guid":{"rendered":"https:\/\/www.esteri.it\/sala_stampa\/archivionotizie\/comunicati\/2012\/03\/20120316_due_per_portare_casa_maro\/"},"modified":"2012-03-16T08:04:43","modified_gmt":"2012-03-16T07:04:43","slug":"20120316_due_per_portare_casa_maro","status":"publish","type":"post","link":"https:\/\/www.esteri.it\/it\/sala_stampa\/archivionotizie\/interviste\/2012\/03\/20120316_due_per_portare_casa_maro\/","title":{"rendered":"due mesi per riportare a casa i mar\u00f2"},"content":{"rendered":"<p><P>\u00abSiamo in un imbuto legale e giuridico. Ci vorranno due mesi ancora, ma non molleremo mai per difendere i nostri mar\u00f2, i nostri militari. Ci vuole tempo, pazienza&#8230;\u00bb. E abilit\u00e0 diplomatica. <\/P><br \/>\n<P>Quella che non manca a Staffan De Mistura, il sottosegretario agli Esteri, inviato speciale al fronte indiano. Mercoled\u00ec sera Staffan De Mistura \u00e8 rientrato dall&#8217;India dopo un mese trascorso laggi\u00f9, tra Kerala, Kochi e Thiruvananthapuram, il carcere dove sono reclusi i due mar\u00f2 italiani che erano a bordo della nave \u00abLexie\u00bb, accusati dell&#8217;omicidio di due pescatori. La foto che arriva dalle porte del carcere indiano, con Staffan De Mistura fisicamente a tutela dei due mar\u00f2 che stanno per essere trasferiti in una cella comune, e lui l\u00ec a tutela della dignit\u00e0 dell&#8217;Italia e dei due militari, \u00e8 l&#8217;immagine che rester\u00e0 nella storia della \u00abLexie\u00bb. E, forse, l&#8217;estate prossima nella piazzetta di Capri, dove frequent\u00f2 le elementari agli inizi degli anni Cinquanta, sar\u00e0 orgoglioso di raccontare agli amici una storia tutt&#8217;altro che di ordinaria diplomazia.<\/P><br \/>\n<P><STRONG>Sottosegretario De Mistura, qual \u00e8 l&#8217;impedimento maggiore in questo momento della trattativa?<\/STRONG><\/P><br \/>\n<P>\u00abIl riconoscimento che la giurisdizione \u00e8 italiana. I due militari debbono essere giudicati in Italia. Sono e restano militari italiani. Fino a quando non otterremo il riconoscimento di questo principio saremo in un imbuto giuridico e legale\u00bb. <\/P><br \/>\n<P><STRONG>In che misura ha inciso il clima elettorale, con una campagna tutta centrata a ridurre il potere del Partito del Congresso di Sonia Gandhi, italo-indiana? <\/STRONG><\/P><br \/>\n<P>\u00abIl clima elettorale \u00e8 stato molto influente\u00bb. <\/P><br \/>\n<P><STRONG>Ma si vota oggi e domani. \u00c8 possibile sperare in una svolta dopo il voto? <\/STRONG><\/P><br \/>\n<P>\u00abI risultati si conosceranno non prima del 23-24 marzo prossimo. Poi, come \u00e8 logico, bisogner\u00e0 garantire il tempo necessario alla politica per riannodare il filo del governo delle istituzioni. Credo che per fine mese l&#8217;influsso elettoralistico caler\u00e0\u00bb. <\/P><br \/>\n<P><STRONG>Quindi la trattativa ha sub\u00ecto questo rallentamento? <\/STRONG><\/P><br \/>\n<P>\u00abUn elemento decisamente negativo. L\u00ec sono in gioco i voti di ben tre milioni di pescatori\u00bb. <\/P><br \/>\n<P><STRONG>C&#8217;\u00e8 stato qualche passo avanti sostanziale nella trattativa? <\/STRONG><\/P><br \/>\n<P>\u00ab\u00c8 cambiato molto, anche il clima del dialogo. Si sappia che partivamo dal pericolo di assistere ad un processo per direttissima, con la richiesta di condanna e di una pena a furor di popolo. \u00c8 stata neutralizzata questa prospettiva iniziale\u00bb. <\/P><br \/>\n<P><STRONG>Gli inglesi potranno darci una mano nel seguito della trattativa? <\/STRONG><\/P><br \/>\n<P>\u00abMi auguro che tutti comprendano la necessit\u00e0 del sostegno all&#8217;azione diplomatica italiana, a partire dai partner europei. Il caso dei mar\u00f2, \u00e8 bene dirlo, pu\u00f2 diventare un grave e pericoloso precedente per tutti i militari attivi in missioni all&#8217;estero. Vale per tutti, questo monito\u00bb. <\/P><br \/>\n<P><STRONG>Anche per gli inglesi? <\/STRONG><\/P><br \/>\n<P>\u00abPer tutti\u00bb. <\/P><\/p>\n","protected":false},"excerpt":{"rendered":"\u00abSiamo in un imbuto legale e giuridico. Ci vorranno due mesi ancora, ma non molleremo mai per difendere i nostri mar\u00f2, i nostri militari. Ci vuole tempo, pazienza&#8230;\u00bb. E abilit\u00e0 diplomatica. Quella che non manca a Staffan De Mistura, il sottosegretario agli Esteri, inviato speciale al fronte indiano. Mercoled\u00ec sera Staffan De Mistura \u00e8 rientrato [&hellip;]","protected":false},"author":1,"featured_media":0,"comment_status":"","ping_status":"","sticky":false,"template":"","format":"standard","meta":{"footnotes":""},"categories":[23],"tags":[45,399],"class_list":["post-24593","post","type-post","status-publish","format-standard","hentry","category-interviste","tag-asia-e-oceania","tag-vice-ministri-e-sottosegretari-precedenti"],"_links":{"self":[{"href":"https:\/\/www.esteri.it\/it\/wp-json\/wp\/v2\/posts\/24593","targetHints":{"allow":["GET"]}}],"collection":[{"href":"https:\/\/www.esteri.it\/it\/wp-json\/wp\/v2\/posts"}],"about":[{"href":"https:\/\/www.esteri.it\/it\/wp-json\/wp\/v2\/types\/post"}],"author":[{"embeddable":true,"href":"https:\/\/www.esteri.it\/it\/wp-json\/wp\/v2\/users\/1"}],"replies":[{"embeddable":true,"href":"https:\/\/www.esteri.it\/it\/wp-json\/wp\/v2\/comments?post=24593"}],"version-history":[{"count":0,"href":"https:\/\/www.esteri.it\/it\/wp-json\/wp\/v2\/posts\/24593\/revisions"}],"wp:attachment":[{"href":"https:\/\/www.esteri.it\/it\/wp-json\/wp\/v2\/media?parent=24593"}],"wp:term":[{"taxonomy":"category","embeddable":true,"href":"https:\/\/www.esteri.it\/it\/wp-json\/wp\/v2\/categories?post=24593"},{"taxonomy":"post_tag","embeddable":true,"href":"https:\/\/www.esteri.it\/it\/wp-json\/wp\/v2\/tags?post=24593"}],"curies":[{"name":"wp","href":"https:\/\/api.w.org\/{rel}","templated":true}]}}