{"id":24622,"date":"2012-02-20T10:03:30","date_gmt":"2012-02-20T09:03:30","guid":{"rendered":"https:\/\/www.esteri.it\/sala_stampa\/archivionotizie\/comunicati\/2012\/02\/20120220_terzifarnesina\/"},"modified":"2012-02-20T10:03:30","modified_gmt":"2012-02-20T09:03:30","slug":"20120220_terzifarnesina","status":"publish","type":"post","link":"https:\/\/www.esteri.it\/it\/sala_stampa\/archivionotizie\/interviste\/2012\/02\/20120220_terzifarnesina\/","title":{"rendered":"Terzi:\u00abTroppe speculazioni sulla Farnesina. Rinuncio alla norma salva ambasciatori\u00bb (Corriere della Sera)"},"content":{"rendered":"<p><P>Roma \u2014 \u00abNon era una legge ad personam ma un modo per salvaguardare la funzionalit\u00e0 di alcune ambasciate importanti. Il no ci creer\u00e0 qualche problema ma mi rimetto alla decisione del Parlamento. Finisce qui\u00bb. Davanti ad un caff\u00e8, il ministro degli Esteri Giulio Terzi racconta cosa c&#8217;\u00e8 dietro l&#8217;emendamento che avrebbe evitato la pensione a nove ambasciatori. Un tentativo bloccato dal presidente del Senato Renato Schifani che ha giudicato la norma \u00abnon attinente\u00bb al decreto Milleproroghe. <\/P><br \/>\n<P><STRONG>Ministro, dunque era sua quella richiesta? <\/STRONG><\/P><br \/>\n<P>\u00abS\u00ec, ma non \u00e8 un mistero. Nel 2010 l&#8217;et\u00e0 della pensione per i diplomatici \u00e8 stata abbassata da 67 a 65 anni e cos\u00ec nel giro di due anni perderemo 1.350 persone. Un terzo dei dipendenti su un organico che \u00e8 meno della met\u00e0 rispetto ai principali Paesi europei e in un ministero dove la mobilit\u00e0 \u00e8 molto limitata. Per questo l&#8217;idea originaria era riportare l&#8217;et\u00e0 della pensione a 67 anni\u00bb. <\/P><br \/>\n<P><STRONG>A fine carriera un diplomatico guadagna bene, quella misura sarebbe costata 10 milioni di euro l&#8217;anno. Non pochi in un momento di lacrime e sangue come questo. <\/STRONG><\/P><br \/>\n<P>\u00abInfatti ci \u00e8 stata messa una pietra sopra. Ma ci siamo preoccupati di non bloccare almeno le azioni pi\u00f9 importanti in corso in alcuni Paesi, come la Cina. Cos\u00ec \u00e8 nato quell&#8217;emendamento che consentiva agli ambasciatori che non avevano superato i tre anni di mandato di restare al lavoro fino al termine del 2013\u00bb. <\/P><br \/>\n<P><STRONG>Emendamento dichiarato inammissibile dal presidente Schifani, che ha applicato il regolamento. <\/STRONG><\/P><br \/>\n<P>\u00abIn quanto proroga, si era ritenuto che rientrasse nella logica del provvedimento\u00bb. <\/P><br \/>\n<P><STRONG><\/STRONG><\/P><br \/>\n<P><STRONG>Si dice che il presidente Mario Monti le abbia telefonato per chiederle di fermarsi. <\/STRONG><\/P><br \/>\n<P>\u00abNon mi pare il caso di entrare in questi particolari, comunque prima della presentazione l&#8217;emendamento era stato concertato con gli altri colleghi di governo\u00bb. <\/P><br \/>\n<P><STRONG>L&#8217;altro giorno ha incontrato il presidente della Camera Gianfranco Fini. Pensa di far ripresentare la stessa proposta a Montecitorio? <\/STRONG><\/P><br \/>\n<P>\u00abCome le ho detto, non vi sono spazi per un nuovo impulso del Governo\u00bb. <\/P><br \/>\n<P><STRONG>Eppure c&#8217;\u00e8 gi\u00e0 stato un altro tentativo. Al Senato \u00e8 stato bloccato un emendamento che lasciava a tutti i diplomatici la facolt\u00e0 di rimanere al lavoro tino a 67 anni. <\/STRONG><\/P><br \/>\n<P>\u00abE una iniziativa di sessanta ambasciatori che hanno indirizzato un appello direttamente alle cariche istituzionali\u00bb. <\/P><br \/>\n<P><STRONG>Ma scusi, se il rinvio riguarda solo pochi ambasciatori non diventa davvero una legge ad personam?<\/STRONG> <\/P><br \/>\n<P>\u00abGuardi, da sempre lavoro per una Farnesina sempre pi\u00f9 in grado di promuovere l&#8217;interesse nazionale con una struttura adeguata e con persone che rappresentano il meglio della professionalit\u00e0. Soprattutto i giovani e le donne, ai quali intendo dare sempre pi\u00f9 spazio. Quanto al provvedimento di cui parliamo, ho pensato alla competitivit\u00e0 del sistema Paese non ai casi singoli. Questi ambasciatori non avrebbero problemi a ricollocarsi, se restano lo fanno per il Paese. Dopodich\u00e9 le speculazioni sono sempre possibili, come sul presunto caso con Giampiero Massolo\u00bb. <\/P><br \/>\n<P><STRONG>Ecco, a proposito. Continuano ad arrivare segnali di un rapporto contradditorio tra lei e il segretario generale della Farnesina Massolo. Di per s\u00e9 non \u00e8 una notizia positiva. Ci spiega quali sono i vostri rapporti? <\/STRONG><\/P><br \/>\n<P>\u00abSiamo amici da trenta anni, senza l&#8217;aiuto e il sostegno di Giampiero tutto quello di buono che stiamo facendo non sarebbe possibile. Ho letto, devo dire, cose fantasiose\u00bb. <\/P><br \/>\n<P><STRONG>Ministro, alcune navi iraniane sarebbero approdate in Siria. Ci dobbiamo preoccupare? <\/STRONG><\/P><br \/>\n<P>\u00abContinuo a ritenere altamente improbabile un intervento contro l&#8217;Iran. Non potremmo escludere un effetto di ritorno mentre non saremmo certi di bloccare il piano nucleare\u00bb. <\/P><br \/>\n<P><STRONG>Restiamo a guardare, allora? <\/STRONG><\/P><br \/>\n<P>\u00abBisogna insistere con le sanzioni, senza che nessuno faccia sconti, e con il negoziato. Da questo punto di vista ci sono piccoli segnali positivi\u00bb. <\/P><br \/>\n<P><STRONG>E la Libia? Non rischiamo di essere tagliati fuori da altri Paesi come la Francia? <\/STRONG><\/P><br \/>\n<P>\u00abRestiamo il primo partner economico, il viaggio di Monti ha messo le basi per un rilancio della collaborazione. Nelle prossime settimane andranno a Tripoli i ministri dello Sviluppo economico, dell&#8217;Interno e della Giustizia. Mi creda, adesso l&#8217;Italia ha una grande credibilit\u00e0 all&#8217;estero. Ed \u00e8 questo ci\u00f2 che conta davvero\u00bb. <\/P><\/p>\n","protected":false},"excerpt":{"rendered":"Roma \u2014 \u00abNon era una legge ad personam ma un modo per salvaguardare la funzionalit\u00e0 di alcune ambasciate importanti. Il no ci creer\u00e0 qualche problema ma mi rimetto alla decisione del Parlamento. Finisce qui\u00bb. Davanti ad un caff\u00e8, il ministro degli Esteri Giulio Terzi racconta cosa c&#8217;\u00e8 dietro l&#8217;emendamento che avrebbe evitato la pensione a [&hellip;]","protected":false},"author":1,"featured_media":0,"comment_status":"","ping_status":"","sticky":false,"template":"","format":"standard","meta":{"footnotes":""},"categories":[23],"tags":[],"class_list":["post-24622","post","type-post","status-publish","format-standard","hentry","category-interviste"],"_links":{"self":[{"href":"https:\/\/www.esteri.it\/it\/wp-json\/wp\/v2\/posts\/24622","targetHints":{"allow":["GET"]}}],"collection":[{"href":"https:\/\/www.esteri.it\/it\/wp-json\/wp\/v2\/posts"}],"about":[{"href":"https:\/\/www.esteri.it\/it\/wp-json\/wp\/v2\/types\/post"}],"author":[{"embeddable":true,"href":"https:\/\/www.esteri.it\/it\/wp-json\/wp\/v2\/users\/1"}],"replies":[{"embeddable":true,"href":"https:\/\/www.esteri.it\/it\/wp-json\/wp\/v2\/comments?post=24622"}],"version-history":[{"count":0,"href":"https:\/\/www.esteri.it\/it\/wp-json\/wp\/v2\/posts\/24622\/revisions"}],"wp:attachment":[{"href":"https:\/\/www.esteri.it\/it\/wp-json\/wp\/v2\/media?parent=24622"}],"wp:term":[{"taxonomy":"category","embeddable":true,"href":"https:\/\/www.esteri.it\/it\/wp-json\/wp\/v2\/categories?post=24622"},{"taxonomy":"post_tag","embeddable":true,"href":"https:\/\/www.esteri.it\/it\/wp-json\/wp\/v2\/tags?post=24622"}],"curies":[{"name":"wp","href":"https:\/\/api.w.org\/{rel}","templated":true}]}}