{"id":24630,"date":"2012-02-13T09:00:43","date_gmt":"2012-02-13T08:00:43","guid":{"rendered":"https:\/\/www.esteri.it\/sala_stampa\/archivionotizie\/comunicati\/2012\/02\/20120213_urban_forum\/"},"modified":"2012-02-13T09:00:43","modified_gmt":"2012-02-13T08:00:43","slug":"20120213_urban_forum","status":"publish","type":"post","link":"https:\/\/www.esteri.it\/it\/sala_stampa\/archivionotizie\/interviste\/2012\/02\/20120213_urban_forum\/","title":{"rendered":"urban forum"},"content":{"rendered":"<p><P>\u00abIl World Urban Forum sar\u00e0 un grande evento ma senza sprechi, all&#8217;insegna del rigore. A Napoli lo organizzeremo spendendo 1,2 milioni di euro mentre in altri Paesi \u00e8 costato fino a 5-6 milioni\u00bb. La parola d&#8217;ordine del sottosegretario agli Esteri Staffan de Mistura \u00e8 \u00abausterity\u00bb. Ma il risparmio, assicura, non intaccher\u00e0 la qualit\u00e0 della manifestazione. <\/P><br \/>\n<P><STRONG>Cosa deve aspettarsi Napoli dal World Urban Forum? <\/STRONG><\/P><br \/>\n<P>\u00abSar\u00e0 un evento speciale che, il prossimo mese di settembre, riunir\u00e0 all&#8217;ombra del Vesuvio fino a 15mila delegati ed esperti provenienti da tutto il mondo. Tra questi ci saranno certamente anche molti ministri. Si discuter\u00e0 dei problemi che affliggono le metropoli del pianeta e si cercheranno soluzioni utili ed efficaci\u00bb. <\/P><br \/>\n<P><STRONG>La macchina organizzativa \u00e8 partita. Come si svolger\u00e0 il summit? <\/STRONG><\/P><br \/>\n<P><STRONG><\/STRONG><\/P><br \/>\n<P>\u00abI tempi sono cambiati, oggi la situazione economica \u00e8 molto diversa rispetto a qualche anno fa e quindi il ministero degli Esteri ha deciso di adottare nuovi criteri. Di questo si \u00e8 discusso nel corso della riunione che ho convocato nei giorni scorsi alla Famesina ed a cui hanno partecipato il governatore Stefano Caldoro, il sindaco Luigi de Magistris e i vertici di Habitat. Durante l&#8217;incontro abbiamo raggiunto un accordo unanime su alcune richieste da me avanzate\u00bb. <\/P><br \/>\n<P><STRONG>Quali? <\/STRONG><\/P><br \/>\n<P>\u00abRidurre la durata dell&#8217;evento da 5 a 3 giorni, che sono assolutamente sufficienti per sviluppare il programma di dibattiti e iniziative, e dimezzare il budget che prima ammontava a 2,5 milioni. Tali risorse dovranno provenire dall&#8217;Unione europea e non dallo Stato. La Farnesina non stanzier\u00e0 alcun contributo perch\u00e9 in un momento difficile come questo bisogna destinare tutte le risorse a disposizione sulle priorit\u00e0 e sulle emergenze ma fornir\u00e0 il massimo supporto tecnico ed operativo accelerando ad esempio le procedure per il rilascio dei visti ai tanti ospiti\u00bb. <\/P><br \/>\n<P><STRONG>Quando si svolgono eventi del genere c&#8217;\u00e8 sempre il rischio che poi alla citt\u00e0 non resti nulla. <\/STRONG><\/P><br \/>\n<P><STRONG><\/STRONG><\/P><br \/>\n<P>\u00abProprio per evitare che ci\u00f2 accada ho proposto ai soggetti interessati di destinare una quota dei fondi alla realizzazione di un&#8217;opera concreta. Cos\u00ec 200mila euro saranno impiegati o per finanziare borse di studio destinate a giovani, donne e professionisti per lo studio dei problemi urbanistici oppure per restaurare un monumento. In questo caso magari l&#8217;apertura del cantiere potrebbe avvenire proprio durante i giorni del Forum\u00bb. <\/P><br \/>\n<P><STRONG>Chi si occuper\u00e0 degli aspetti organizzativi? <\/STRONG><\/P><br \/>\n<P>\u00abPer evitare dispersioni e lungaggini abbiamo stabilito di individuare un unico interlocutore a cui siano affidate le responsabilit\u00e0 operative. Si tratta del professor Uberto Siola, indicato in modo unanime da Regione e Comune\u00bb. <\/P><br \/>\n<P><STRONG>Il World Urban Forum pu\u00f2 essere un&#8217;occasione per Napoli? <\/STRONG><\/P><br \/>\n<P><STRONG><\/STRONG><\/P><br \/>\n<P>\u00abSappiamo che Napoli e la Campania sono capaci di fare miracoli: dimostreremo che, in tempi di crisi, \u00e8 possibile organizzare un grande evento senza spendere molti soldi. I 15mila delegati che arriveranno in citt\u00e0 potranno ammirare le tante bellezze del territorio e conoscere da vicino le sue difficolt\u00e0 individuando anche le risposte che si potrebbero fornire. Il capoluogo partenopeo, a cui sono molto legato perch\u00e9 qui ho vissuto per diversi anni, riacquister\u00e0 cos\u00ec il profilo di una grande metropoli europea\u00bb. <\/P><br \/>\n<P><STRONG>Napoli ospiter\u00e0 anche le regate della Coppa America e il Forum delle Culture 2013. La politica dei grandi eventi pu\u00f2 cambiare l&#8217;immagine di una citt\u00e0? <\/STRONG><\/P><br \/>\n<P><STRONG><\/STRONG><\/P><br \/>\n<P>\u00abPu\u00f2 essere utile ma a patto che gli eventi non siano fini a se stessi. L&#8217;Europa ci sta guardando e noi dobbiamo dimostrare di saperci fare. Napoli lo merita perch\u00e9 \u00e8 molto di pi\u00f9 del problema dei rifiuti. \u00c8 un luogo straordinario che deve mostrare ora la sua faccia sobria e seria. \u00c8 il momento di lavorare\u00bb. <\/P><\/p>\n","protected":false},"excerpt":{"rendered":"\u00abIl World Urban Forum sar\u00e0 un grande evento ma senza sprechi, all&#8217;insegna del rigore. A Napoli lo organizzeremo spendendo 1,2 milioni di euro mentre in altri Paesi \u00e8 costato fino a 5-6 milioni\u00bb. La parola d&#8217;ordine del sottosegretario agli Esteri Staffan de Mistura \u00e8 \u00abausterity\u00bb. Ma il risparmio, assicura, non intaccher\u00e0 la qualit\u00e0 della manifestazione. [&hellip;]","protected":false},"author":1,"featured_media":0,"comment_status":"","ping_status":"","sticky":false,"template":"","format":"standard","meta":{"footnotes":""},"categories":[23],"tags":[3],"class_list":["post-24630","post","type-post","status-publish","format-standard","hentry","category-interviste","tag-diplomazia-economica"],"_links":{"self":[{"href":"https:\/\/www.esteri.it\/it\/wp-json\/wp\/v2\/posts\/24630","targetHints":{"allow":["GET"]}}],"collection":[{"href":"https:\/\/www.esteri.it\/it\/wp-json\/wp\/v2\/posts"}],"about":[{"href":"https:\/\/www.esteri.it\/it\/wp-json\/wp\/v2\/types\/post"}],"author":[{"embeddable":true,"href":"https:\/\/www.esteri.it\/it\/wp-json\/wp\/v2\/users\/1"}],"replies":[{"embeddable":true,"href":"https:\/\/www.esteri.it\/it\/wp-json\/wp\/v2\/comments?post=24630"}],"version-history":[{"count":0,"href":"https:\/\/www.esteri.it\/it\/wp-json\/wp\/v2\/posts\/24630\/revisions"}],"wp:attachment":[{"href":"https:\/\/www.esteri.it\/it\/wp-json\/wp\/v2\/media?parent=24630"}],"wp:term":[{"taxonomy":"category","embeddable":true,"href":"https:\/\/www.esteri.it\/it\/wp-json\/wp\/v2\/categories?post=24630"},{"taxonomy":"post_tag","embeddable":true,"href":"https:\/\/www.esteri.it\/it\/wp-json\/wp\/v2\/tags?post=24630"}],"curies":[{"name":"wp","href":"https:\/\/api.w.org\/{rel}","templated":true}]}}