{"id":24650,"date":"2012-01-12T09:23:44","date_gmt":"2012-01-12T08:23:44","guid":{"rendered":"https:\/\/www.esteri.it\/sala_stampa\/archivionotizie\/comunicati\/2012\/01\/20120112_terzidirittiumani\/"},"modified":"2012-01-12T09:23:44","modified_gmt":"2012-01-12T08:23:44","slug":"20120112_terzidirittiumani","status":"publish","type":"post","link":"https:\/\/www.esteri.it\/it\/sala_stampa\/archivionotizie\/interviste\/2012\/01\/20120112_terzidirittiumani\/","title":{"rendered":"Terzi: Un&#8217;Autorit\u00e0 italiana sui diritti umani (Avvenire)"},"content":{"rendered":"<p><P>La difesa dei diritti non \u00e8 solo un impegno etico ma risponde alle esigenza della nostra sicurezza. In troppe occasioni, dai Balcani al Mediterraneo, abbiamo verificato come le palesi violazioni dei diritti siano fonte di destabilizzazioni e conflitti. L&#8217;Italia, per la sua tradizione e il suo impegno politico, la propensione al dialogo e al rispetto per le differenti culture e religioni, e per la stessa collocazione geografica, tra Sud arabo e Nord europeo, ha non a caso assunto negli anni un ruolo di sempre maggiore profilo nelle iniziative internazionali in difesa dei diritti umani. <\/P><br \/>\n<P>Ed \u00e8 anche in coerenza con questo suo ruolo e le aspettative internazionali che esso ha generato, che ho voluto sin dall&#8217;inizio porre la difesa dei diritti umani al centro delle priorit\u00e0 di azione di politica estera del nostro governo. Un&#8217;azione promossa con vigore anche dal governo precedente e che sto in questi primi mesi del mio mandato proseguendo, arricchendola di nuovi toni e contenuti alla luce dei cambiamenti internazionali in atto. <\/P><br \/>\n<P>Un impegno che si sviluppa su vari fronti &#8211; dalla pena di morte, ai diritti delle donne e dei bambini &#8211; ma nel cui ambito assume oggi un&#8217;importanza crescente la dimensione delle minoranze religiose, il rispetto della libert\u00e0 di fede. Stiamo infatti purtroppo assistendo da tempo e in diverse parti del mondo &#8211; dall&#8217;Africa al Medio Oriente all&#8217;Asia &#8211; a una pericolosa e inaccettabile escalation di attacchi contro le minoranze religiose, in particolare quelle cristiane. Ho perci\u00f2 deciso di intensificare la nostra azione diplomatica in pi\u00f9 ambiti. A partire dalle Nazioni Unite, e in particolare nel Consiglio dei diritti umani, dove l&#8217;Italia \u00e8 stata l&#8217;anno scorso eletta all&#8217;unanimit\u00e0 per un ulteriore triennio. <\/P><br \/>\n<P>Avevamo gi\u00e0 contribuito in raccordo con i nostri partner europei all&#8217;adozione, l&#8217;anno scorso, di un&#8217;importante risoluzione del Consiglio sulla difesa delle libert\u00e0 religiose dopo i violenti attacchi contro le comunit\u00e0 copte in Egitto. Sulla scia dei tragici episodi in Nigeria, ho attirato l&#8217;attenzione dell&#8217;alto commissario per i diritti umani a Ginevra, Navi Pillay, sull&#8217;esigenza di interventi incisivi in difesa delle minoranze religiose e cristiane in particolare e mi sto attivando con i partner europei affinch\u00e9 il Consiglio possa adottare, entro marzo, una nuova risoluzione in difesa del principio di \u00abfreedom of belief\u00bb. <\/P><br \/>\n<P>In ambito Unione Europea abbiamo contribuito in maniera decisiva all&#8217;adozione nel luglio scorso di un Piano d&#8217;azione per rafforzare il monitoraggio congiunto delle istituzioni comunitarie e dei 27 Paesi membri sul rispetto delle libert\u00e0 religiose. Ho nei giorni scorsi chiesto all&#8217;alto rappresentante dell\u2019 Ue, Catherine Ashton, di promuovere una discussione sullo stato di attuazione del Piano d&#8217;azione. <\/P><br \/>\n<P>\u00c8 un tema, quello della difesa delle minoranze religiose e cristiane su cui sto registrando &#8211; \u00e8 quanto ho tratto anche dal colloquio con il ministro degli Esteri francese Alain Jupp\u00e9, ieri a Parigi &#8211; forti sensibilit\u00e0 e sintonie dei partner europei e della Santa Sede. <\/P><br \/>\n<P>Sul piano nazionale ho qualche giorno fa firmato un&#8217;intesa con il sindaco di Roma, Alemanno, per la creazione di un osservatorio per lo studio e il monitoraggio del rispetto delle libert\u00e0 religiose, che si avvarr\u00e0 della collaborazione attiva della nostra rete diplomatica all&#8217;estero e potr\u00e0 contribuire all&#8217;efficacia dell&#8217;azione della stessa Unione Europea. Sempre sul piano italiano, intendo infine attivarmi intensamente affinch\u00e9 un&#8217;Autorit\u00e0 Nazionale indipendente sui diritti umani possa vedere la luce prima della fine della legislatura. <\/P><\/p>\n","protected":false},"excerpt":{"rendered":"La difesa dei diritti non \u00e8 solo un impegno etico ma risponde alle esigenza della nostra sicurezza. In troppe occasioni, dai Balcani al Mediterraneo, abbiamo verificato come le palesi violazioni dei diritti siano fonte di destabilizzazioni e conflitti. L&#8217;Italia, per la sua tradizione e il suo impegno politico, la propensione al dialogo e al rispetto [&hellip;]","protected":false},"author":1,"featured_media":0,"comment_status":"","ping_status":"","sticky":false,"template":"","format":"standard","meta":{"footnotes":""},"categories":[23],"tags":[43,42],"class_list":["post-24650","post","type-post","status-publish","format-standard","hentry","category-interviste","tag-diritti-umani","tag-unione-europea"],"_links":{"self":[{"href":"https:\/\/www.esteri.it\/it\/wp-json\/wp\/v2\/posts\/24650","targetHints":{"allow":["GET"]}}],"collection":[{"href":"https:\/\/www.esteri.it\/it\/wp-json\/wp\/v2\/posts"}],"about":[{"href":"https:\/\/www.esteri.it\/it\/wp-json\/wp\/v2\/types\/post"}],"author":[{"embeddable":true,"href":"https:\/\/www.esteri.it\/it\/wp-json\/wp\/v2\/users\/1"}],"replies":[{"embeddable":true,"href":"https:\/\/www.esteri.it\/it\/wp-json\/wp\/v2\/comments?post=24650"}],"version-history":[{"count":0,"href":"https:\/\/www.esteri.it\/it\/wp-json\/wp\/v2\/posts\/24650\/revisions"}],"wp:attachment":[{"href":"https:\/\/www.esteri.it\/it\/wp-json\/wp\/v2\/media?parent=24650"}],"wp:term":[{"taxonomy":"category","embeddable":true,"href":"https:\/\/www.esteri.it\/it\/wp-json\/wp\/v2\/categories?post=24650"},{"taxonomy":"post_tag","embeddable":true,"href":"https:\/\/www.esteri.it\/it\/wp-json\/wp\/v2\/tags?post=24650"}],"curies":[{"name":"wp","href":"https:\/\/api.w.org\/{rel}","templated":true}]}}