{"id":24658,"date":"2012-01-06T18:38:27","date_gmt":"2012-01-06T17:38:27","guid":{"rendered":"https:\/\/www.esteri.it\/sala_stampa\/archivionotizie\/comunicati\/2012\/01\/20120106_nigeria\/"},"modified":"2012-01-06T18:38:27","modified_gmt":"2012-01-06T17:38:27","slug":"20120106_nigeria","status":"publish","type":"post","link":"https:\/\/www.esteri.it\/it\/sala_stampa\/archivionotizie\/interviste\/2012\/01\/20120106_nigeria\/","title":{"rendered":"Ferma condanna del Ministro Terzi per l&#8217;ennesimo episodio di violenza nei confronti dei cristiani in Nigeria"},"content":{"rendered":"<p><P align=justify>Il Ministro degli Esteri Giulio Terzi ha espresso la sua ferma condanna e forte preoccupazione per l\u2019ulteriore episodio di violenza che ha avuto luogo oggi nel nord della Nigeria, e che ha causato numerose vittime fra alcuni fedeli cristiani che stavano assistendo ad una veglia funebre. Pur apprezzando le misure d\u2019emergenza adottate dalle autorit\u00e0 nigeriane il 31 dicembre scorso, anche a seguito dei precedenti attacchi ai danni di cristiani in coincidenza delle festivit\u00e0 natalizie, resta forte l\u2019apprensione per l\u2019incolumit\u00e0 delle minoranza cristiane che abitano nella regione. La Farnesina ribadisce il forte auspicio per un ancor pi\u00f9 efficace impegno da parte delle autorit\u00e0 locali a tutela di tutte le minoranze religiose. L&#8217;Italia, conclude il Ministro Terzi, continuer\u00e0 a seguire da vicino e con la massima attenzione l&#8217;evoluzione della situazione in Nigeria in questo delicato settore e ribadisce la volont\u00e0 di proseguire nell&#8217; impegno concreto in ambito Unione europea e Nazioni Unite per garantire ovunque la tutela della libert\u00e0 di fede e dei diritti delle minoranze religiose. <\/P><\/p>\n","protected":false},"excerpt":{"rendered":"Il Ministro degli Esteri Giulio Terzi ha espresso la sua ferma condanna e forte preoccupazione per l\u2019ulteriore episodio di violenza che ha avuto luogo oggi nel nord della Nigeria, e che ha causato numerose vittime fra alcuni fedeli cristiani che stavano assistendo ad una veglia funebre. Pur apprezzando le misure d\u2019emergenza adottate dalle autorit\u00e0 nigeriane [&hellip;]","protected":false},"author":1,"featured_media":0,"comment_status":"","ping_status":"","sticky":false,"template":"","format":"standard","meta":{"footnotes":""},"categories":[23],"tags":[],"class_list":["post-24658","post","type-post","status-publish","format-standard","hentry","category-interviste"],"_links":{"self":[{"href":"https:\/\/www.esteri.it\/it\/wp-json\/wp\/v2\/posts\/24658","targetHints":{"allow":["GET"]}}],"collection":[{"href":"https:\/\/www.esteri.it\/it\/wp-json\/wp\/v2\/posts"}],"about":[{"href":"https:\/\/www.esteri.it\/it\/wp-json\/wp\/v2\/types\/post"}],"author":[{"embeddable":true,"href":"https:\/\/www.esteri.it\/it\/wp-json\/wp\/v2\/users\/1"}],"replies":[{"embeddable":true,"href":"https:\/\/www.esteri.it\/it\/wp-json\/wp\/v2\/comments?post=24658"}],"version-history":[{"count":0,"href":"https:\/\/www.esteri.it\/it\/wp-json\/wp\/v2\/posts\/24658\/revisions"}],"wp:attachment":[{"href":"https:\/\/www.esteri.it\/it\/wp-json\/wp\/v2\/media?parent=24658"}],"wp:term":[{"taxonomy":"category","embeddable":true,"href":"https:\/\/www.esteri.it\/it\/wp-json\/wp\/v2\/categories?post=24658"},{"taxonomy":"post_tag","embeddable":true,"href":"https:\/\/www.esteri.it\/it\/wp-json\/wp\/v2\/tags?post=24658"}],"curies":[{"name":"wp","href":"https:\/\/api.w.org\/{rel}","templated":true}]}}