{"id":24675,"date":"2020-09-16T16:03:46","date_gmt":"2020-09-16T14:03:46","guid":{"rendered":"https:\/\/www.esteri.it\/sala_stampa\/archivionotizie\/comunicati\/2020\/09\/berlino-italia-protagonista-all-european-sustainable-development-week\/"},"modified":"2020-09-16T16:03:46","modified_gmt":"2020-09-16T14:03:46","slug":"berlino-italia-protagonista-all-european-sustainable-development-week","status":"publish","type":"post","link":"https:\/\/www.esteri.it\/it\/sala_stampa\/archivionotizie\/retediplomatica\/2020\/09\/berlino-italia-protagonista-all-european-sustainable-development-week\/","title":{"rendered":"Berlino: Italia protagonista all&#8217;European Sustainable Development Week"},"content":{"rendered":"<p>L\u2019Italia \u00e8 presente all\u2019 European Sustainable Development Week di Berlino, il tradizionale appuntamento di \u2018public diplomacy\u2019 sui temi dello sviluppo sostenibile, con varie iniziative a carattere ambientale. Grazie all\u2019impegno dell\u2019Ambasciata d\u2019Italia a Berlino, in citt\u00e0 \u00e8 gi\u00e0 in corso la mostra \u2018Green obsession\u2019 di Stefano Boeri che espone i progetti di riforestazione urbana a Milano, in Europa, Asia e America Latina del famoso architetto. \u2018Green obsession\u2019 che valorizza alcune eccellenze dell&#8217;architettura italiana, analizza anche le sfide del cambiamento climatico e dello sviluppo urbano post-pandemia (che lascia presagire un maggior ricorso al telelavoro e un rapporto di maggiore osmosi fra grandi citta&#8217;, periferie e aree interne del Paese).<\/p>\n<p>L\u2019Ambasciata italiana,\u00a0in collaborazione con quella del Regno Unito, organizzer\u00e0 due conferenze in formato digitale sui temi della sostenibilit\u00e0 umana. Le conferenze rientrano in un ciclo di incontri divulgativi in vista della pre-COP di Milano e della COP26 di Glasgow,\u00a0di cui l\u2019Italia sar\u00e0 co-poresidente insieme al Regno Unito.<\/p>\n<p>Il primo incontro virtuale, &#8220;Cities Racing to Zero urban responses to the climate emergency&#8221;,\u00a0\u00a0affrontera&#8217;, alla presenza di rappresentanti del Comune di Milano, del Federal Office for Building and Regional Planning, nonche&#8217; di alcuni centri di ricerca tedeschi, i temi della mobilita&#8217; sostenibile ed elettrica, con una particolare attenzione alle strategie di riduzione delle emissioni di CO2 nelle grandi citta&#8217;. Il secondo incontro &#8220;On green spaces we all are equal &#8211; versatile spaces for the city of the future&#8221; sara&#8217; dedicato, assieme all&#8217;Architetto Stefano Boeri ed a rappresentanti della Citta&#8217; di Glasgow e del mondo accademico tedesco, alle nuove strategie di pianificazione urbana, con un&#8217;attenzione particolare alle esperienze promosse in Italia, Germania e Regno Unito.<\/p>\n<p>Per maggiori informazioni:\u00a0<a href=\"http:\/\/www.ambberlino.esteri.it\/\" target=\"_blank\" rel=\"noopener noreferrer\">www.ambberlino.esteri.it<\/a>\u00a0\u00a0<\/p>\n","protected":false},"excerpt":{"rendered":"L\u2019Italia \u00e8 presente all\u2019 European Sustainable Development Week di Berlino, il tradizionale appuntamento di \u2018public diplomacy\u2019 sui temi dello sviluppo sostenibile, con varie iniziative a carattere ambientale. Grazie all\u2019impegno dell\u2019Ambasciata d\u2019Italia a Berlino, in citt\u00e0 \u00e8 gi\u00e0 in corso la mostra \u2018Green obsession\u2019 di Stefano Boeri che espone i progetti di riforestazione urbana a Milano, [&hellip;]","protected":false},"author":1,"featured_media":0,"comment_status":"","ping_status":"","sticky":false,"template":"","format":"standard","meta":{"footnotes":""},"categories":[20],"tags":[44,9],"class_list":["post-24675","post","type-post","status-publish","format-standard","hentry","category-retediplomatica","tag-energia-ambiente","tag-europa"],"_links":{"self":[{"href":"https:\/\/www.esteri.it\/it\/wp-json\/wp\/v2\/posts\/24675","targetHints":{"allow":["GET"]}}],"collection":[{"href":"https:\/\/www.esteri.it\/it\/wp-json\/wp\/v2\/posts"}],"about":[{"href":"https:\/\/www.esteri.it\/it\/wp-json\/wp\/v2\/types\/post"}],"author":[{"embeddable":true,"href":"https:\/\/www.esteri.it\/it\/wp-json\/wp\/v2\/users\/1"}],"replies":[{"embeddable":true,"href":"https:\/\/www.esteri.it\/it\/wp-json\/wp\/v2\/comments?post=24675"}],"version-history":[{"count":0,"href":"https:\/\/www.esteri.it\/it\/wp-json\/wp\/v2\/posts\/24675\/revisions"}],"wp:attachment":[{"href":"https:\/\/www.esteri.it\/it\/wp-json\/wp\/v2\/media?parent=24675"}],"wp:term":[{"taxonomy":"category","embeddable":true,"href":"https:\/\/www.esteri.it\/it\/wp-json\/wp\/v2\/categories?post=24675"},{"taxonomy":"post_tag","embeddable":true,"href":"https:\/\/www.esteri.it\/it\/wp-json\/wp\/v2\/tags?post=24675"}],"curies":[{"name":"wp","href":"https:\/\/api.w.org\/{rel}","templated":true}]}}