{"id":24740,"date":"2020-03-25T17:25:35","date_gmt":"2020-03-25T16:25:35","guid":{"rendered":"https:\/\/www.esteri.it\/sala_stampa\/archivionotizie\/comunicati\/2020\/03\/weareitaly-nicola-piovani-ha-da-passa-a-nuttata\/"},"modified":"2020-03-25T17:25:35","modified_gmt":"2020-03-25T16:25:35","slug":"weareitaly-nicola-piovani-ha-da-passa-a-nuttata","status":"publish","type":"post","link":"https:\/\/www.esteri.it\/it\/sala_stampa\/archivionotizie\/retediplomatica\/2020\/03\/weareitaly-nicola-piovani-ha-da-passa-a-nuttata\/","title":{"rendered":"#WeAreItaly: Nicola Piovani, \u2018Ha da pass\u00e0 &#8216;a nuttata\u2019"},"content":{"rendered":"<p>\u201cNon appena questo momento sar\u00e0 passato, arriver\u00e0 il momento della rinascita, che ci trover\u00e0 preparati e pronti a rimboccarci le maniche e a lavorare tutti insieme, ciascuno nel proprio campo\u201d. Questo il messaggio\u00a0con cui il compositore, pianista e direttore d\u2019orchestra\u00a0\u00a0Nicola\u00a0Piovani\u00a0ha voluto aderire alla campagna della Farnesina\u00a0<i>&#8216;La cultura non si ferma&#8217; #WeAreItaly<\/i>. Dal sito del Ministero degli Esteri\u00a0Piovani\u00a0dice: \u201cQuesti sono tempi difficili per l\u2019Italia, l\u2019Europa e per tutto il pianeta, ma soprattutto per l\u2019Italia.\u00a0In queste situazioni, mi sorprende scoprire come gli italiani, quando attraversano momenti di difficolt\u00e0 individuali e collettivi, siano capaci di dare il meglio di s\u00e9.\u00a0Me lo dicevano sempre le vecchie generazioni, sopravvissute alla tragedia della guerra\u201d. \u201cL\u2019epidemia che stiamo vivendo non ha ancora gli effetti tragici della guerra, e speriamo che non li abbia mai &#8211; conclude il premio Oscar\u00a0&#8211; Spero che tutto questo finisca presto. \u2018<i>Ha da pass\u00e0 &#8216;a nuttata\u2019<\/i>, come diceva il grande drammaturgo italiano Eduardo De Filippo&#8221;.\u00a0<\/p>\n","protected":false},"excerpt":{"rendered":"\u201cNon appena questo momento sar\u00e0 passato, arriver\u00e0 il momento della rinascita, che ci trover\u00e0 preparati e pronti a rimboccarci le maniche e a lavorare tutti insieme, ciascuno nel proprio campo\u201d. Questo il messaggio\u00a0con cui il compositore, pianista e direttore d\u2019orchestra\u00a0\u00a0Nicola\u00a0Piovani\u00a0ha voluto aderire alla campagna della Farnesina\u00a0&#8216;La cultura non si ferma&#8217; #WeAreItaly. Dal sito del Ministero [&hellip;]","protected":false},"author":1,"featured_media":0,"comment_status":"","ping_status":"","sticky":false,"template":"","format":"standard","meta":{"footnotes":""},"categories":[20],"tags":[32,58],"class_list":["post-24740","post","type-post","status-publish","format-standard","hentry","category-retediplomatica","tag-diplomazia-culturale","tag-promozione-integrata"],"_links":{"self":[{"href":"https:\/\/www.esteri.it\/it\/wp-json\/wp\/v2\/posts\/24740","targetHints":{"allow":["GET"]}}],"collection":[{"href":"https:\/\/www.esteri.it\/it\/wp-json\/wp\/v2\/posts"}],"about":[{"href":"https:\/\/www.esteri.it\/it\/wp-json\/wp\/v2\/types\/post"}],"author":[{"embeddable":true,"href":"https:\/\/www.esteri.it\/it\/wp-json\/wp\/v2\/users\/1"}],"replies":[{"embeddable":true,"href":"https:\/\/www.esteri.it\/it\/wp-json\/wp\/v2\/comments?post=24740"}],"version-history":[{"count":0,"href":"https:\/\/www.esteri.it\/it\/wp-json\/wp\/v2\/posts\/24740\/revisions"}],"wp:attachment":[{"href":"https:\/\/www.esteri.it\/it\/wp-json\/wp\/v2\/media?parent=24740"}],"wp:term":[{"taxonomy":"category","embeddable":true,"href":"https:\/\/www.esteri.it\/it\/wp-json\/wp\/v2\/categories?post=24740"},{"taxonomy":"post_tag","embeddable":true,"href":"https:\/\/www.esteri.it\/it\/wp-json\/wp\/v2\/tags?post=24740"}],"curies":[{"name":"wp","href":"https:\/\/api.w.org\/{rel}","templated":true}]}}