{"id":25062,"date":"2020-11-23T18:14:27","date_gmt":"2020-11-23T17:14:27","guid":{"rendered":"https:\/\/www.esteri.it\/sala_stampa\/archivionotizie\/comunicati\/2020\/11\/nota-informativa-sesta-edizione-della-conferenza-med-dialogues-25-novembre-4-dicembre-2020\/"},"modified":"2020-11-23T18:14:27","modified_gmt":"2020-11-23T17:14:27","slug":"nota-informativa-sesta-edizione-della-conferenza-med-dialogues-25-novembre-4-dicembre-2020","status":"publish","type":"post","link":"https:\/\/www.esteri.it\/it\/sala_stampa\/archivionotizie\/notestampa\/2020\/11\/nota-informativa-sesta-edizione-della-conferenza-med-dialogues-25-novembre-4-dicembre-2020\/","title":{"rendered":"Reminder Nota Informativa &#8211; Sesta edizione della Conferenza MED-Dialogues (25 novembre &#8211; 4 dicembre 2020)"},"content":{"rendered":"<p align=\"center\"><img decoding=\"async\" src=\"https:\/\/www.esteri.it\/mae\/resource\/img\/2020\/11\/med.jpg\" alt=\"med\" style=\"display: block; margin-left: auto; margin-right: auto;\" \/><\/p>\n<p align=\"center\">\u00a0<\/p>\n<p align=\"center\"><strong>Il futuro del Mediterraneo dopo la pandemia<\/strong><i><\/i><\/p>\n<p align=\"center\"><i>Sesta edizione della Conferenza MED-Dialogues promossa dal Ministero degli Affari Esteri e della Cooperazione Internazionale e dall\u2019ISPI<\/i><\/p>\n<p>Roma, 23 novembre 2020 \u2013 La sesta edizione della Conferenza <strong>Rome MED \u2013 Mediterranean Dialogues,<\/strong> promossa a partire dal 2015 dal Ministero degli Affari Esteri e della Cooperazione Internazionale e dall\u2019ISPI, si tiene quest\u2019anno in formato digitale e prevede oltre 40 eventi virtuali <strong>dal 25 novembre al 4 dicembre 2020.<\/strong><\/p>\n<p>La conferenza si apre <strong>mercoled\u00ec 25 novembre <\/strong>con un intervento su piattaforma web di <strong>Luigi Di Maio, <\/strong>Ministro degli Affari Esteri e della Cooperazione Internazionale, e di <strong>Giampiero Massolo,<\/strong> Presidente ISPI.\u00a0 Chiude i <strong>MED-Dialogues<\/strong> <strong>venerd\u00ec 4 dicembre<\/strong> il Presidente del Consiglio dei Ministri <strong>Giuseppe<\/strong> <strong>Conte. <\/strong><\/p>\n<p><strong><i>\u00a0<\/i><\/strong><\/p>\n<p>I giornalisti che intendono seguire i lavori devono accreditarsi, compilando\u00a0il form al seguente link: <a href=\"https:\/\/join.med.ispionline.it\/media-accreditation\" target=\"_blank\" rel=\"noopener\">https:\/\/join.med.ispionline.it\/media-accreditation<\/a>.<\/p>\n<p>La Conferenza vede la partecipazione di esponenti delle maggiori organizzazioni internazionali, accademici, imprenditori nonch\u00e9 studiosi ed esperti da tutto il mondo, con <strong>oltre 40 leader <\/strong>politici\u00a0tra Presidenti, Primi Ministri e Ministri di diverse realt\u00e0 internazionali. Partecipano tra gli altri: <strong>Sergey Viktorovich Lavrov<\/strong>, Ministro degli Affari Esteri, Russia;\u00a0 <strong>Paolo Gentiloni,<\/strong> Commissario Europeo per gli Affari Economici e Monetari;\u00a0 <strong>Ylva Johansson<\/strong>, Commissario Europeo per gli Affari Interni; <strong>Mohammad Javad Zarif<\/strong>, Ministro degli Affari Esteri, Iran; il Principe<strong> Faisal Bin Farhan Al Saud,<\/strong> Ministro degli Affari Esteri, Arabia Saudita; <strong>Subrahmanyam Jaishankar<\/strong>, Ministro degli Affari Esteri, India; <strong>Ahmed Maitig, <\/strong>Vice-Presidente del Consiglio Presidenziale Libico, GNA, Libia; <strong>Ayman Safadi<\/strong>, Vice Primo Ministro e Ministro degli Affari Esteri e degli Espatriati, Giordania; <strong>Riyad al Malki<\/strong>, Ministro degli Affari Esteri e degli Espatriati, Palestina; <strong>Othman Jerandi<\/strong>, Ministro degli Affari Esteri, delle Migrazioni e dei Tunisini all\u2019estero, Tunisia; <strong>Anwar Gargash<\/strong>, Ministro di Stato per gli Affari Esteri, Emirati Arabi Uniti;\u00a0 <strong>Nickolay Mladenov<\/strong>, Coordinatore Speciale ONU per il Processo di Pace in Medio Oriente; <strong>J\u00e1n Kubi\u0161<\/strong>, Coordinatore Speciale ONU per il Libano; <strong>Mohammad Sanusi Barkindo<\/strong>, Segretario Generale OPEC.<\/p>\n<p><strong>\u00a0<\/strong><\/p>\n<p><strong>MED Dialogues 2020 <\/strong>intende, pur in un\u2019epoca di pandemia, mettere a punto un\u2019 \u201dagenda positiva\u201d per il Mediterraneo, elaborando possibili soluzioni condivise ai rischi sanitari, economici e politici che potrebbero dimostrarsi pi\u00f9 gravi e pesanti rispetto al resto del mondo. Tra i temi strategici al centro del dibattito le principali sfide per la sicurezza, la difficile gestione del fenomeno migratorio in un periodo di pandemia, il destino delle giovani generazioni, la rivoluzione nel mondo dell\u2019energia, le opportunit\u00e0 poste dalla transizione verso un\u2019economia verde e sostenibile, il ruolo strategico delle donne nell\u2019area mediterranea e il loro contributo alla crescita sociale ed economica. Strategica per l\u2019area mediterranea \u00e8 senza dubbio anche la riflessione sul partenariato euro-mediterraneo, sul ruolo della Nato nonch\u00e9 sulle strategie nell\u2019area di Paesi come Stati Uniti, Paesi del Golfo, Russia, Cina, India e Giappone.<\/p>\n<p>A rafforzare il contributo di idee e proposte sono stati organizzati nei mesi scorsi 28 incontri in modalit\u00e0 digitale con personalit\u00e0 internazionali di altissimo livello per discutere la realt\u00e0 di Paesi chiave dell\u2019area come Siria, Libia, Israele, Palestina, Yemen e Iran. Al centro del dibattito anche temi strategici come, tra gli altri, il ruolo dell\u2019Europa, l\u2019energia verde e le migrazioni.<\/p>\n<p>UFFICIO STAMPA\u00a0MED:<\/p>\n<p>Francesca Robbiati, Media Communication +39.366.2647188<\/p>\n<p>Stefania Salustri, Senior Advisor Communication, +39.335.7919949<\/p>\n<p>Per informazioni e programma \u00e8 possibile consultare il sito di <a href=\"https:\/\/med.ispionline.it\/\" title=\"https:\/\/med.ispionline.it\/\">MED<\/a> dove sar\u00e0 in ogni caso possibile seguire in diretta tutti gli eventi.<\/p>\n","protected":false},"excerpt":{"rendered":"\u00a0 Il futuro del Mediterraneo dopo la pandemia Sesta edizione della Conferenza MED-Dialogues promossa dal Ministero degli Affari Esteri e della Cooperazione Internazionale e dall\u2019ISPI Roma, 23 novembre 2020 \u2013 La sesta edizione della Conferenza Rome MED \u2013 Mediterranean Dialogues, promossa a partire dal 2015 dal Ministero degli Affari Esteri e della Cooperazione Internazionale e [&hellip;]","protected":false},"author":1,"featured_media":0,"comment_status":"","ping_status":"","sticky":false,"template":"","format":"standard","meta":{"footnotes":""},"categories":[24],"tags":[],"class_list":["post-25062","post","type-post","status-publish","format-standard","hentry","category-notestampa"],"_links":{"self":[{"href":"https:\/\/www.esteri.it\/it\/wp-json\/wp\/v2\/posts\/25062","targetHints":{"allow":["GET"]}}],"collection":[{"href":"https:\/\/www.esteri.it\/it\/wp-json\/wp\/v2\/posts"}],"about":[{"href":"https:\/\/www.esteri.it\/it\/wp-json\/wp\/v2\/types\/post"}],"author":[{"embeddable":true,"href":"https:\/\/www.esteri.it\/it\/wp-json\/wp\/v2\/users\/1"}],"replies":[{"embeddable":true,"href":"https:\/\/www.esteri.it\/it\/wp-json\/wp\/v2\/comments?post=25062"}],"version-history":[{"count":0,"href":"https:\/\/www.esteri.it\/it\/wp-json\/wp\/v2\/posts\/25062\/revisions"}],"wp:attachment":[{"href":"https:\/\/www.esteri.it\/it\/wp-json\/wp\/v2\/media?parent=25062"}],"wp:term":[{"taxonomy":"category","embeddable":true,"href":"https:\/\/www.esteri.it\/it\/wp-json\/wp\/v2\/categories?post=25062"},{"taxonomy":"post_tag","embeddable":true,"href":"https:\/\/www.esteri.it\/it\/wp-json\/wp\/v2\/tags?post=25062"}],"curies":[{"name":"wp","href":"https:\/\/api.w.org\/{rel}","templated":true}]}}