{"id":25159,"date":"2019-12-04T13:28:34","date_gmt":"2019-12-04T12:28:34","guid":{"rendered":"https:\/\/www.esteri.it\/sala_stampa\/archivionotizie\/comunicati\/2019\/12\/nota-accreditamento-stampa-conferenza-stampa-di-lancio-della-seconda-edizione-del-progetto-air-artisti-in-residenza-farnesina-11-dicembre-2019\/"},"modified":"2019-12-04T13:28:34","modified_gmt":"2019-12-04T12:28:34","slug":"nota-accreditamento-stampa-conferenza-stampa-di-lancio-della-seconda-edizione-del-progetto-air-artisti-in-residenza-farnesina-11-dicembre-2019","status":"publish","type":"post","link":"https:\/\/www.esteri.it\/it\/sala_stampa\/archivionotizie\/notestampa\/2019\/12\/nota-accreditamento-stampa-conferenza-stampa-di-lancio-della-seconda-edizione-del-progetto-air-artisti-in-residenza-farnesina-11-dicembre-2019\/","title":{"rendered":"Reminder Nota accreditamento stampa &#8211; Conferenza stampa di lancio della seconda edizione del progetto \u201cAIR \u2013 Artisti in residenza\u201d (Farnesina, 11 dicembre 2019)"},"content":{"rendered":"<p><strong>\u00a0<\/strong><\/p>\n<p><strong>Mercoled\u00ec 11 dicembre 2019, alle ore 12.00, <\/strong>avr\u00e0 luogo alla Farnesina la <strong>Conferenza stampa di lancio della seconda edizione del progetto \u201cAIR \u2013 Artisti in residenza\u201d,<\/strong> progetto ideato da MIDJ (Associazione dei Musicisti italiani di Jazz), realizzato con il sostegno di SIAE e in collaborazione con il Ministero degli Affari Esteri e della Cooperazione Internazionale e con la Rete delle Ambasciate, dei Consolati e degli Istituti Italiani di Cultura nel mondo.\u00a0<\/p>\n<p>L\u2019iniziativa, anche grazie alla partecipazione di Europe Jazz Network, si pone l\u2019obiettivo di incentivare la crescita e la promozione del jazz italiano all\u2019estero attraverso la creazione di una rete di residenze per giovani musicisti e la \u201cnaturale\u201d nascita di scambi e contaminazioni con altre culture.<\/p>\n<p>Nel corso del 2020, 20 talenti emergenti del jazz italiano, provenienti ciascuno da una diversa regione italiana, trascorreranno un periodo di 4 settimane all\u2019estero, in 20 diverse citt\u00e0 del mondo: Addis Abeba, Amman, Ankara, Budapest, Citt\u00e0 del Messico, Copenaghen, Dakar, Helsinki, Il Cairo, Lima, Lisbona, Montr\u00e9al, Parigi, Santiago, Sofia, Stoccolma, Tirana, Tokio, Toronto e Vienna. Le residenze saranno assegnate con sorteggio pubblico durante la conferenza stampa, con una \u201csorpresa\u201d musicale.<\/p>\n<p>Interverranno alla Conferenza, <strong>Enzo Angeloni<\/strong>, Direttore Generale per la Promozione del Sistema Paese del Ministero degli Affari Esteri e della Cooperazione Internazionale, <strong>Gaetano Blandini,<\/strong> Direttore Generale della SIAE, <strong>Ada Montellanico<\/strong> in rappresentanza di MIDJ e <strong>Giambattista Tofoni<\/strong>, General Manager di Europe Jazz Network.<\/p>\n<p>I giornalisti e i cine-foto-operatori interessati potranno accreditarsi, secondo una delle seguenti modalit\u00e0:<\/p>\n<p>\u2022\u00a0\u00a0\u00a0\u00a0\u00a0\u00a0\u00a0\u00a0\u00a0 <strong>ONLINE<\/strong> al link <a href=\"https:\/\/portaleaccreditamento.esteri.it\">https:\/\/portaleaccreditamento.esteri.it<\/a>, al quale dovr\u00e0 essere allegata la documentazione digitale richiesta (lettera della testata di appartenenza e per i rappresentanti degli organi di stampa stranieri anche Nota Verbale dell\u2019Ambasciata a Roma del Paese dell\u2019organo di stampa rappresentato)<\/p>\n<p>\u2022\u00a0\u00a0\u00a0\u00a0\u00a0\u00a0\u00a0\u00a0\u00a0 <strong>VIA E-MAIL<\/strong> all\u2019indirizzo <a href=\"mailto:accreditamentostampa@esteri.it\">accreditamentostampa@esteri.it<\/a>, (tel. 06\/3691.3432\u2013 06\/3691.8573) allegando la documentazione sopraindicata.<\/p>\n","protected":false},"excerpt":{"rendered":"\u00a0 Mercoled\u00ec 11 dicembre 2019, alle ore 12.00, avr\u00e0 luogo alla Farnesina la Conferenza stampa di lancio della seconda edizione del progetto \u201cAIR \u2013 Artisti in residenza\u201d, progetto ideato da MIDJ (Associazione dei Musicisti italiani di Jazz), realizzato con il sostegno di SIAE e in collaborazione con il Ministero degli Affari Esteri e della Cooperazione [&hellip;]","protected":false},"author":1,"featured_media":0,"comment_status":"","ping_status":"","sticky":false,"template":"","format":"standard","meta":{"footnotes":""},"categories":[24],"tags":[],"class_list":["post-25159","post","type-post","status-publish","format-standard","hentry","category-notestampa"],"_links":{"self":[{"href":"https:\/\/www.esteri.it\/it\/wp-json\/wp\/v2\/posts\/25159","targetHints":{"allow":["GET"]}}],"collection":[{"href":"https:\/\/www.esteri.it\/it\/wp-json\/wp\/v2\/posts"}],"about":[{"href":"https:\/\/www.esteri.it\/it\/wp-json\/wp\/v2\/types\/post"}],"author":[{"embeddable":true,"href":"https:\/\/www.esteri.it\/it\/wp-json\/wp\/v2\/users\/1"}],"replies":[{"embeddable":true,"href":"https:\/\/www.esteri.it\/it\/wp-json\/wp\/v2\/comments?post=25159"}],"version-history":[{"count":0,"href":"https:\/\/www.esteri.it\/it\/wp-json\/wp\/v2\/posts\/25159\/revisions"}],"wp:attachment":[{"href":"https:\/\/www.esteri.it\/it\/wp-json\/wp\/v2\/media?parent=25159"}],"wp:term":[{"taxonomy":"category","embeddable":true,"href":"https:\/\/www.esteri.it\/it\/wp-json\/wp\/v2\/categories?post=25159"},{"taxonomy":"post_tag","embeddable":true,"href":"https:\/\/www.esteri.it\/it\/wp-json\/wp\/v2\/tags?post=25159"}],"curies":[{"name":"wp","href":"https:\/\/api.w.org\/{rel}","templated":true}]}}