{"id":25183,"date":"2019-10-31T12:17:49","date_gmt":"2019-10-31T11:17:49","guid":{"rendered":"https:\/\/www.esteri.it\/sala_stampa\/archivionotizie\/comunicati\/2019\/10\/nota-accreditamento-stampa-seminario-bilaterale-dal-titolo-celebrating-70-years-of-diplomatic-relations-italy-and-israel-side-by-side-for-innovation-farnesina-5-novembre-2019\/"},"modified":"2019-10-31T12:17:49","modified_gmt":"2019-10-31T11:17:49","slug":"nota-accreditamento-stampa-seminario-bilaterale-dal-titolo-celebrating-70-years-of-diplomatic-relations-italy-and-israel-side-by-side-for-innovation-farnesina-5-novembre-2019","status":"publish","type":"post","link":"https:\/\/www.esteri.it\/it\/sala_stampa\/archivionotizie\/notestampa\/2019\/10\/nota-accreditamento-stampa-seminario-bilaterale-dal-titolo-celebrating-70-years-of-diplomatic-relations-italy-and-israel-side-by-side-for-innovation-farnesina-5-novembre-2019\/","title":{"rendered":"REMINDER &#8211; Nota accreditamento stampa &#8211; Seminario bilaterale dal titolo \u201cCelebrating 70 years of Diplomatic Relations. Italy and Israel Side-By-Side for Innovation&#8221; (Farnesina, 5 novembre 2019)"},"content":{"rendered":"<p><strong>Marted\u00ec 5 novembre, <\/strong>dalle ore 10.00 alle ore 13.00, nell\u2019ambito delle celebrazioni del 70\u00b0 anniversario delle relazioni diplomatiche tra Italia e Israele, avr\u00e0 luogo alla Farnesina il seminario bilaterale dal titolo \u201cCelebrating 70 years of Diplomatic Relations. Italy and Israel Side-By-Side for Innovation&#8221;, dedicato ai progetti di successo sviluppati nel quadro dell\u2019Accordo di cooperazione industriale, scientifica e tecnologica, tra Italia e Israele.<\/p>\n<p>All\u2019evento interverranno, in apertura, la Vice Ministra per gli Affari Esteri e la Cooperazione Internazionale, <strong>Emanuela Claudia Del Re, <\/strong>il Sottosegretario del Ministero dell&#8217;Istruzione, dell&#8217;Universit\u00e0 e della Ricerca (MIUR), <strong>Lucia Azzolina<\/strong>, il Direttore Generale per la Promozione del Sistema Paese della Farnesina, <strong>Vincenzo de Luca<\/strong>, e l&#8217;Ambasciatore israeliano in Italia, <strong>Dror Eydar<\/strong>.<\/p>\n<p>Seguir\u00e0 la cerimonia di consegna, da parte della Vice Ministra\u00a0 Del Re e del Sottosegretario del MIUR\u00a0 Azzolina, del <strong>Premio Rita Levi Montalcini<\/strong> al Professor <strong>Eytan Domany<\/strong>, del Dipartimento di Fisica dei Sistemi complessi\u00a0 dell\u2019Istituto Weizmann di Tel Aviv, che soggiorner\u00e0 per un periodo di quattro mesi presso l&#8217;Universit\u00e0 di Milano, Dipartimento Scienze e Politiche Ambientali, dove collaborer\u00e0 con la Professoressa <strong>Caterina La Porta<\/strong>,\u00a0 group leader del laboratorio \u201cOncolab\u201d anch\u2019essa presente alla cerimonia.<\/p>\n<p>I giornalisti e i cine-foto-operatori interessati a seguire l\u2019evento sono pregati di accreditarsi secondo una delle seguenti modalit\u00e0:<\/p>\n<p>\u2022\u00a0\u00a0\u00a0\u00a0\u00a0\u00a0\u00a0\u00a0\u00a0\u00a0\u00a0\u00a0 <strong>ONLINE<\/strong> al link <a href=\"https:\/\/portaleaccreditamento.esteri.it\">https:\/\/portaleaccreditamento.esteri.it<\/a>, al quale dovr\u00e0 essere allegata la documentazione digitale richiesta (lettera della testata di appartenenza e per i rappresentanti degli organi di stampa stranieri anche Nota Verbale dell\u2019Ambasciata a Roma del Paese dell\u2019organo di stampa rappresentato)<\/p>\n<p>\u2022\u00a0\u00a0\u00a0\u00a0\u00a0\u00a0\u00a0\u00a0\u00a0\u00a0\u00a0\u00a0 <strong>VIA E-MAIL<\/strong> all\u2019indirizzo <a href=\"mailto:accreditamentostampa@esteri.it\">accreditamentostampa@esteri.it<\/a>, (tel. 06\/3691.3432\u2013 06\/3691.8573) allegando la documentazione sopraindicata.<\/p>\n<p>I rappresentanti della stampa accreditati potranno accedere alla Farnesina <strong>dall\u2019ingresso principale, lato sinistro, dalle ore 9.30 alle ore 10.00.<\/strong><\/p>\n<p><strong>\u00a0<\/strong><\/p>\n<p><strong>\u00a0<\/strong><\/p>\n","protected":false},"excerpt":{"rendered":"Marted\u00ec 5 novembre, dalle ore 10.00 alle ore 13.00, nell\u2019ambito delle celebrazioni del 70\u00b0 anniversario delle relazioni diplomatiche tra Italia e Israele, avr\u00e0 luogo alla Farnesina il seminario bilaterale dal titolo \u201cCelebrating 70 years of Diplomatic Relations. Italy and Israel Side-By-Side for Innovation&#8221;, dedicato ai progetti di successo sviluppati nel quadro dell\u2019Accordo di cooperazione industriale, [&hellip;]","protected":false},"author":1,"featured_media":0,"comment_status":"","ping_status":"","sticky":false,"template":"","format":"standard","meta":{"footnotes":""},"categories":[24],"tags":[],"class_list":["post-25183","post","type-post","status-publish","format-standard","hentry","category-notestampa"],"_links":{"self":[{"href":"https:\/\/www.esteri.it\/it\/wp-json\/wp\/v2\/posts\/25183","targetHints":{"allow":["GET"]}}],"collection":[{"href":"https:\/\/www.esteri.it\/it\/wp-json\/wp\/v2\/posts"}],"about":[{"href":"https:\/\/www.esteri.it\/it\/wp-json\/wp\/v2\/types\/post"}],"author":[{"embeddable":true,"href":"https:\/\/www.esteri.it\/it\/wp-json\/wp\/v2\/users\/1"}],"replies":[{"embeddable":true,"href":"https:\/\/www.esteri.it\/it\/wp-json\/wp\/v2\/comments?post=25183"}],"version-history":[{"count":0,"href":"https:\/\/www.esteri.it\/it\/wp-json\/wp\/v2\/posts\/25183\/revisions"}],"wp:attachment":[{"href":"https:\/\/www.esteri.it\/it\/wp-json\/wp\/v2\/media?parent=25183"}],"wp:term":[{"taxonomy":"category","embeddable":true,"href":"https:\/\/www.esteri.it\/it\/wp-json\/wp\/v2\/categories?post=25183"},{"taxonomy":"post_tag","embeddable":true,"href":"https:\/\/www.esteri.it\/it\/wp-json\/wp\/v2\/tags?post=25183"}],"curies":[{"name":"wp","href":"https:\/\/api.w.org\/{rel}","templated":true}]}}