{"id":25216,"date":"2019-09-06T15:43:59","date_gmt":"2019-09-06T13:43:59","guid":{"rendered":"https:\/\/www.esteri.it\/sala_stampa\/archivionotizie\/comunicati\/2019\/09\/nota-di-accreditamento-stampa-presentazione-della-fiera-macfrut-2020-e-del-nuovo-salone-spices-herbs-global-expo-farnesina-11-settembre-2019\/"},"modified":"2019-09-06T15:43:59","modified_gmt":"2019-09-06T13:43:59","slug":"nota-di-accreditamento-stampa-presentazione-della-fiera-macfrut-2020-e-del-nuovo-salone-spices-herbs-global-expo-farnesina-11-settembre-2019","status":"publish","type":"post","link":"https:\/\/www.esteri.it\/it\/sala_stampa\/archivionotizie\/notestampa\/2019\/09\/nota-di-accreditamento-stampa-presentazione-della-fiera-macfrut-2020-e-del-nuovo-salone-spices-herbs-global-expo-farnesina-11-settembre-2019\/","title":{"rendered":"REMINDER Nota di accreditamento stampa &#8211; Presentazione della &#8220;Fiera Macfrut 2020&#8221; e del nuovo Salone SPICES &#038; HERBS GLOBAL EXPO (Farnesina, 11 settembre 2019)"},"content":{"rendered":"<p><strong>Mercoled\u00ec 11 settembre 2019, alle ore 11.00,<\/strong> si svolger\u00e0 alla Farnesina l\u2019evento di presentazione della \u201c<strong>Fiera MACFRUT 2020\u201d<\/strong> e del nuovo <strong>Salone SPICES HERBS GLOBAL EXPO<\/strong>.<\/p>\n<p>L\u2019edizione 2020 della Fiera Macfrut, che si terr\u00e0 a Rimini dal 5 al 7 maggio 2020, sar\u00e0 realizzata in partnership con la Regione Sardegna ed avr\u00e0 come focus internazionale \u201cFrutta e Spezie sulla via di Marco Polo\u201d. In contemporanea alla Fiera si terr\u00e0 il primo evento in Europa dedicato al mondo delle spezie, erbe officinali ed aromatiche.<\/p>\n<p>L\u2019evento di presentazione sar\u00e0 aperto dal Direttore Generale per la Promozione del Sistema Paese della Farnesina, <strong>Vincenzo de Luca<\/strong>, cui faranno seguito l\u2019intervento del Presidente di Cesena Fiera, <strong>Renzo Piraccini<\/strong> e dell\u2019Assessore all\u2019Agricoltura della Regione Sardegna, <strong>Gabriella Murgia<\/strong>.<\/p>\n<p>A seguire gli interventi del Direttore dell\u2019Ufficio Coordinamento e Promozione del Made in Italy dell\u2019Agenzia ICE, <strong>Ines Aronadio<\/strong>, del Presidente della Coldiretti, <strong>Ettore Prandini<\/strong> e del Direttore di ISMEA, <strong>Raffaele Borriello<\/strong>.<\/p>\n<p>I giornalisti e i cine-foto-operatori interessati potranno accreditarsi, secondo una delle seguenti modalit\u00e0:<\/p>\n<p>\u2022\u00a0\u00a0\u00a0\u00a0\u00a0\u00a0\u00a0\u00a0\u00a0 <strong>ONLINE<\/strong> al link <a href=\"https:\/\/portaleaccreditamento.esteri.it\">https:\/\/portaleaccreditamento.esteri.it<\/a>, al quale dovr\u00e0 essere allegata la documentazione digitale richiesta (lettera della testata di appartenenza e per i rappresentanti degli organi di stampa stranieri anche Nota Verbale dell\u2019Ambasciata a Roma del Paese dell\u2019organo di stampa rappresentato)<\/p>\n<p>\u2022 \u00a0\u00a0\u00a0\u00a0\u00a0\u00a0\u00a0\u00a0\u00a0<strong>VIA E-MAIL<\/strong> all\u2019indirizzo <a href=\"mailto:accreditamentostampa@esteri.it\">accreditamentostampa@esteri.it<\/a>, (tel. 06\/3691.3432\u2013 06\/3691.8573) allegando la documentazione sopraindicata.<\/p>\n<p><strong>I rappresentanti della stampa accreditati potranno accedere alla Farnesina dall\u2019ingresso principale, lato sinistro, dalle ore 10.30.<\/strong><\/p>\n","protected":false},"excerpt":{"rendered":"Mercoled\u00ec 11 settembre 2019, alle ore 11.00, si svolger\u00e0 alla Farnesina l\u2019evento di presentazione della \u201cFiera MACFRUT 2020\u201d e del nuovo Salone SPICES HERBS GLOBAL EXPO. L\u2019edizione 2020 della Fiera Macfrut, che si terr\u00e0 a Rimini dal 5 al 7 maggio 2020, sar\u00e0 realizzata in partnership con la Regione Sardegna ed avr\u00e0 come focus internazionale [&hellip;]","protected":false},"author":1,"featured_media":0,"comment_status":"","ping_status":"","sticky":false,"template":"","format":"standard","meta":{"footnotes":""},"categories":[24],"tags":[],"class_list":["post-25216","post","type-post","status-publish","format-standard","hentry","category-notestampa"],"_links":{"self":[{"href":"https:\/\/www.esteri.it\/it\/wp-json\/wp\/v2\/posts\/25216","targetHints":{"allow":["GET"]}}],"collection":[{"href":"https:\/\/www.esteri.it\/it\/wp-json\/wp\/v2\/posts"}],"about":[{"href":"https:\/\/www.esteri.it\/it\/wp-json\/wp\/v2\/types\/post"}],"author":[{"embeddable":true,"href":"https:\/\/www.esteri.it\/it\/wp-json\/wp\/v2\/users\/1"}],"replies":[{"embeddable":true,"href":"https:\/\/www.esteri.it\/it\/wp-json\/wp\/v2\/comments?post=25216"}],"version-history":[{"count":0,"href":"https:\/\/www.esteri.it\/it\/wp-json\/wp\/v2\/posts\/25216\/revisions"}],"wp:attachment":[{"href":"https:\/\/www.esteri.it\/it\/wp-json\/wp\/v2\/media?parent=25216"}],"wp:term":[{"taxonomy":"category","embeddable":true,"href":"https:\/\/www.esteri.it\/it\/wp-json\/wp\/v2\/categories?post=25216"},{"taxonomy":"post_tag","embeddable":true,"href":"https:\/\/www.esteri.it\/it\/wp-json\/wp\/v2\/tags?post=25216"}],"curies":[{"name":"wp","href":"https:\/\/api.w.org\/{rel}","templated":true}]}}