{"id":25220,"date":"2019-07-18T18:40:21","date_gmt":"2019-07-18T16:40:21","guid":{"rendered":"https:\/\/www.esteri.it\/sala_stampa\/archivionotizie\/comunicati\/2019\/07\/nota-di-accreditamento-xiii-conferenza-ambasciatori-e-ambasciatrici-d-italia-farnesina-24-26-luglio-2019\/"},"modified":"2019-07-18T18:40:21","modified_gmt":"2019-07-18T16:40:21","slug":"nota-di-accreditamento-xiii-conferenza-ambasciatori-e-ambasciatrici-d-italia-farnesina-24-26-luglio-2019","status":"publish","type":"post","link":"https:\/\/www.esteri.it\/it\/sala_stampa\/archivionotizie\/notestampa\/2019\/07\/nota-di-accreditamento-xiii-conferenza-ambasciatori-e-ambasciatrici-d-italia-farnesina-24-26-luglio-2019\/","title":{"rendered":"Modifiche alla Nota di Accreditamento &#8211; XIII Conferenza Ambasciatori e Ambasciatrici d&#8217;Italia (Farnesina, 24 &#8211; 26 luglio 2019)"},"content":{"rendered":"<p><strong>Mercoled\u00ec 24, gioved\u00ec 25 e venerd\u00ec 26 luglio<\/strong> si svolger\u00e0 alla Farnesina la<strong> XIII<\/strong> <strong>Conferenza degli Ambasciatori e delle Ambasciatrici d\u2019Italia<\/strong>: \u201cLa Politica Estera Italiana verso l\u2019Orizzonte 2030 tra continuit\u00e0 e cambiamento\u201d.<\/p>\n<p>Interverranno il Presidente della Repubblica, <strong>Sergio Mattarella<\/strong>, il Presidente del Consiglio dei Ministri, <strong>Giuseppe Conte<\/strong>, e il Ministro degli Affari Esteri e della Cooperazione Internazionale, <strong>Enzo Moavero Milanesi<\/strong>.<\/p>\n<p>La Farnesina torna a riunire a Roma oltre 100 Capi delle missioni diplomatiche dell\u2019Italia nel mondo: un&#8217;occasione di confronto e riflessione affinch\u00e9 il Ministero, grazie alla sua vastissima rete diplomatica, possa rappresentare, sempre di pi\u00f9, un valore aggiunto per la sicurezza e la crescita di tutto il Sistema Paese. I lavori della Conferenza si snoderanno tra l&#8217;impegno della diplomazia italiana su temi come Europa, Mediterraneo, cooperazione, sfide della globalizzazione, \u201csoft power\u201d italiano e tutela dei connazionali all&#8217;estero. <strong><\/strong><\/p>\n<p>Saranno aperti alla stampa i seguenti momenti:<\/p>\n<p><strong>Mercoled\u00ec 24 luglio<\/strong>:<\/p>\n<p>16.00\u2013 17.30 circa<\/p>\n<p>Sessione inaugurale con interventi del Signor Presidente della Repubblica (alle ore 16.30), del Ministro degli Affari Esteri e del Segretario Generale della Farnesina, Ambasciatore Elisabetta Belloni<\/p>\n<p><strong>Gioved\u00ec 25 luglio<\/strong>:<\/p>\n<p>Sessione chiusa alla stampa<\/p>\n<p><strong>Venerd\u00ec 26 luglio<\/strong>:<\/p>\n<p>ore 10.00-10.30<\/p>\n<p>Sessione di chiusura con interventi Presidente del Consiglio (alle ore 10.10), del Ministro degli Affari Esteri e del Segretario Generale della Farnesina<\/p>\n<p>ore 10.30 circa<\/p>\n<p>Foto di famiglia con il Presidente del Consiglio e il Ministro degli Affari Esteri <i>(solo cine-foto-operatori)<\/i><\/p>\n<p>I predetti interventi potranno essere seguiti direttamente nella sala dei lavori da fotografi e operatori televisivi e in circuito chiuso, in salle d\u2019\u00e9coute al Ministero, dai giornalisti.<\/p>\n<p>I giornalisti e i cine-foto-operatori interessati a seguire i momenti stampa sono pregati di accreditarsi, <strong>entro e non oltre le ore 18.00 di marted\u00ec 23 luglio<\/strong>, secondo una delle seguenti modalit\u00e0:<\/p>\n<ul>\n<li>\u00a0\u00a0\u00a0\u00a0\u00a0\u00a0\u00a0 <strong>ONLINE<\/strong> al link <a href=\"https:\/\/portaleaccreditamento.esteri.it\"><strong>https:\/\/portaleaccreditamento.esteri.it<\/strong><\/a>,<strong> <\/strong>al quale dovr\u00e0 essere allegata la documentazione digitale richiesta (lettera della testata di appartenenza e per i rappresentanti degli organi di stampa stranieri anche Nota Verbale dell\u2019Ambasciata a Roma del Paese dell\u2019organo di stampa rappresentato)<\/li>\n<li>\u00a0\u00a0\u00a0\u00a0\u00a0\u00a0\u00a0 <strong>VIA E-MAIL<\/strong> all\u2019indirizzo <a href=\"mailto:accreditamentostampa@esteri.it\"><strong>accreditamentostampa@esteri.it<\/strong><\/a> (tel. 06\/3691.3432 \u2013 06\/3691.8573) allegando la documentazione sopraindicata.<\/li>\n<\/ul>\n<p>Per le richieste di <strong>posizionamento di mezzi satellitari<\/strong>, le targhe e il modello dei mezzi dovranno essere comunicati via mail all\u2019indirizzo <a href=\"mailto:accreditamentostampa@esteri.it\">accreditamentostampa@esteri.it<\/a> (tel. 06\/3691.3432-8573-8210) <strong>entro e non oltre le ore 18.00 di marted\u00ec 23 luglio<\/strong>.<\/p>\n<p>\u00a0<i><\/i><\/p>\n<p>Si informano i rappresentanti della stampa che, in occasione della Conferenza, le Autorit\u00e0 di Pubblica Sicurezza hanno definito alcune misure che limiteranno la circolazione delle autovetture e l\u2019utilizzo dei parcheggi nelle aree adiacenti la Farnesina. <strong>In particolare Via Macchia della Farnesina sar\u00e0 interdetta al traffico.<\/strong><\/p>\n<p>I giornalisti e cine-foto-operatori accreditati sono pregati di <strong>accedere alla Farnesina dall\u2019ingresso posteriore sito in Via della Macchia della Farnesina, secondo il seguente orario:<\/strong><\/p>\n<p><strong>Mercoled\u00ec 24 luglio <\/strong><\/p>\n<p>(interventi del Presidente della Repubblica e del Ministro degli Esteri)<\/p>\n<p><i>cine-foto-operatori: <strong>dalle ore 14.30 fino alle ore 15.15 <\/strong>(Sala Conferenze Internazionali)<\/i><\/p>\n<p><i>giornalisti: <strong>dalle ore 15.15 alle ore 15.50<\/strong> (salle d\u2019\u00e9coute)<\/i><\/p>\n<p><strong>Venerd\u00ec 26 luglio<\/strong><\/p>\n<p>(interventi del Presidente del Consiglio e del Ministro degli Esteri)<\/p>\n<p><i>cine-foto-operatori: <strong>dalle ore 8.45 alle ore 9.15<\/strong> (Sala Conferenze Internazionali)<\/i><\/p>\n<p><i>giornalisti: <strong>dalle ore 9.15 alle ore 9.45<\/strong> (salle d\u2019\u00e9coute)<\/i><\/p>\n<p>\u00a0<\/p>\n","protected":false},"excerpt":{"rendered":"Mercoled\u00ec 24, gioved\u00ec 25 e venerd\u00ec 26 luglio si svolger\u00e0 alla Farnesina la XIII Conferenza degli Ambasciatori e delle Ambasciatrici d\u2019Italia: \u201cLa Politica Estera Italiana verso l\u2019Orizzonte 2030 tra continuit\u00e0 e cambiamento\u201d. Interverranno il Presidente della Repubblica, Sergio Mattarella, il Presidente del Consiglio dei Ministri, Giuseppe Conte, e il Ministro degli Affari Esteri e della [&hellip;]","protected":false},"author":1,"featured_media":0,"comment_status":"","ping_status":"","sticky":false,"template":"","format":"standard","meta":{"footnotes":""},"categories":[24],"tags":[],"class_list":["post-25220","post","type-post","status-publish","format-standard","hentry","category-notestampa"],"_links":{"self":[{"href":"https:\/\/www.esteri.it\/it\/wp-json\/wp\/v2\/posts\/25220","targetHints":{"allow":["GET"]}}],"collection":[{"href":"https:\/\/www.esteri.it\/it\/wp-json\/wp\/v2\/posts"}],"about":[{"href":"https:\/\/www.esteri.it\/it\/wp-json\/wp\/v2\/types\/post"}],"author":[{"embeddable":true,"href":"https:\/\/www.esteri.it\/it\/wp-json\/wp\/v2\/users\/1"}],"replies":[{"embeddable":true,"href":"https:\/\/www.esteri.it\/it\/wp-json\/wp\/v2\/comments?post=25220"}],"version-history":[{"count":0,"href":"https:\/\/www.esteri.it\/it\/wp-json\/wp\/v2\/posts\/25220\/revisions"}],"wp:attachment":[{"href":"https:\/\/www.esteri.it\/it\/wp-json\/wp\/v2\/media?parent=25220"}],"wp:term":[{"taxonomy":"category","embeddable":true,"href":"https:\/\/www.esteri.it\/it\/wp-json\/wp\/v2\/categories?post=25220"},{"taxonomy":"post_tag","embeddable":true,"href":"https:\/\/www.esteri.it\/it\/wp-json\/wp\/v2\/tags?post=25220"}],"curies":[{"name":"wp","href":"https:\/\/api.w.org\/{rel}","templated":true}]}}