{"id":25225,"date":"2019-07-02T15:50:41","date_gmt":"2019-07-02T13:50:41","guid":{"rendered":"https:\/\/www.esteri.it\/sala_stampa\/archivionotizie\/comunicati\/2019\/07\/nota-di-accreditamento-stampa-foro-di-dialogo-italo-russo-delle-societa-civili-farnesina-4-luglio-2019\/"},"modified":"2019-07-02T15:50:41","modified_gmt":"2019-07-02T13:50:41","slug":"nota-di-accreditamento-stampa-foro-di-dialogo-italo-russo-delle-societa-civili-farnesina-4-luglio-2019","status":"publish","type":"post","link":"https:\/\/www.esteri.it\/it\/sala_stampa\/archivionotizie\/notestampa\/2019\/07\/nota-di-accreditamento-stampa-foro-di-dialogo-italo-russo-delle-societa-civili-farnesina-4-luglio-2019\/","title":{"rendered":"Reminder &#8211; Nota di accreditamento stampa &#8211; Foro di Dialogo Italo-Russo delle societ\u00e0 civili (Farnesina, 4 luglio 2019)"},"content":{"rendered":"<p><strong>Gioved\u00ec <\/strong><strong>4<\/strong><strong> luglio 2019,<\/strong> si svolger\u00e0 alla Farnesina il <strong>Foro di Dialogo Italo-Russo delle societ\u00e0 civili, <\/strong>organizzato dai Presidenti del Foro in collaborazione con l&#8217;ISPI. L\u2019evento vedr\u00e0 la partecipazione di rappresentanti di alto livello, italiani e russi, del mondo delle imprese e della cultura.<\/p>\n<p>Al termine dei lavori, <strong>alle ore 18.30 circa<\/strong>, interverranno<strong> <\/strong>il Presidente del Consiglio dei Ministri della Repubblica Italiana,<strong> Giuseppe Conte <\/strong>ed il Presidente della Federazione Russa, <strong>Vladimir Putin.<\/strong><\/p>\n<p>\u00a0\u00a0\u00a0\u00a0\u00a0\u00a0\u00a0\u00a0\u00a0\u00a0\u00a0\u00a0\u00a0\u00a0\u00a0\u00a0\u00a0\u00a0\u00a0\u00a0\u00a0\u00a0\u00a0\u00a0\u00a0\u00a0\u00a0\u00a0\u00a0\u00a0\u00a0\u00a0\u00a0\u00a0\u00a0\u00a0\u00a0\u00a0\u00a0\u00a0\u00a0\u00a0\u00a0\u00a0\u00a0<\/p>\n<p><strong>Solo gli interventi conclusivi dei due Presidenti saranno aperti alla stampa <\/strong>e potranno essere seguiti direttamente nella sala dei lavori (Sala Conferenze Internazionali) da fotografi e operatori televisivi e, in circuito chiuso in salle d\u2019\u00e9coute (Sala Saraceno), dai giornalisti.<\/p>\n<p>Data la limitata capienza della Sala Conferenze Internazionali, si render\u00e0 necessaria la formazione di pool di fotografi e cameramen.<\/p>\n<p>\u00a0<strong>\u00a0<\/strong><\/p>\n<p><strong>ACCREDITO STAMPA<\/strong><\/p>\n<p>Sar\u00e0 possibile richiedere l\u2019accredito <strong>entro e non oltre le ore 13.00 de mercoled\u00ec 3 luglio<\/strong> in una delle seguenti modalit\u00e0:<\/p>\n<p>\u00a0<\/p>\n<ul>\n<li><strong>ONLINE<\/strong> al link <a href=\"https:\/\/portaleaccreditamento.esteri.it\"><strong>https:\/\/portaleaccreditamento.esteri.it<\/strong><\/a>,<strong> <\/strong>al quale dovr\u00e0 essere allegata la documentazione digitale richiesta (lettera della testata di appartenenza e per i rappresentanti degli organi di stampa stranieri anche Nota Verbale dell\u2019Ambasciata a Roma del Paese dell\u2019organo di stampa rappresentato)<\/li>\n<li><strong>VIA E-MAIL<\/strong> all\u2019indirizzo <a href=\"mailto:accreditamentostampa@esteri.it\"><strong>accreditamentostampa@esteri.it<\/strong><\/a> (tel. 06\/3691.3432 \u2013 06\/3691.8573) allegando la documentazione sopraindicata.<\/li>\n<\/ul>\n<p>\u00a0<\/p>\n<p>Per le richieste di <strong>posizionamento di mezzi satellitari<\/strong>, le targhe e il modello dei mezzi dovranno essere comunicati via mail all\u2019indirizzo <a href=\"mailto:accreditamentostampa@esteri.it\">accreditamentostampa@esteri.it<\/a> (tel. 06\/3691.3432-8573-8210) <strong>entro le ore 13.00 di mercoled\u00ec 3 luglio<\/strong>.<\/p>\n<p>I rappresentanti degli organi di stampa accreditati potranno <strong>accedere alla Farnesina dall\u2019ingresso posteriore<\/strong>, sito in via Macchia della Farnesina, nei seguenti orari:<\/p>\n<ul>\n<li>\u00a0\u00a0\u00a0\u00a0\u00a0\u00a0\u00a0\u00a0 cine-foto-operatori: <strong>dalle ore 17.00 entro e non oltre le ore 18.00<\/strong> (Sala Conferenze Internazionali)<\/li>\n<\/ul>\n<ul>\n<li>\u00a0\u00a0\u00a0\u00a0\u00a0\u00a0\u00a0\u00a0 giornalisti: <strong>dalle ore 17.30 entro e non oltre le ore 18.30<\/strong> (salle d\u2019\u00e9coute).<i><\/i><\/li>\n<\/ul>\n<p><i>\u00a0<\/i><\/p>\n<p>Si informano i rappresentanti della stampa che in occasione del Foro di Dialogo italo-russo delle Societ\u00e0 Civili, le Autorit\u00e0 di Pubblica Sicurezza hanno definito alcune misure che limiteranno la circolazione delle autovetture e l\u2019utilizzo dei parcheggi nelle aree adiacenti la Farnesina. In particolare sar\u00e0 vietata la sosta lungo Via Macchia della Farnesina.<\/p>\n","protected":false},"excerpt":{"rendered":"Gioved\u00ec 4 luglio 2019, si svolger\u00e0 alla Farnesina il Foro di Dialogo Italo-Russo delle societ\u00e0 civili, organizzato dai Presidenti del Foro in collaborazione con l&#8217;ISPI. L\u2019evento vedr\u00e0 la partecipazione di rappresentanti di alto livello, italiani e russi, del mondo delle imprese e della cultura. Al termine dei lavori, alle ore 18.30 circa, interverranno il Presidente [&hellip;]","protected":false},"author":1,"featured_media":0,"comment_status":"","ping_status":"","sticky":false,"template":"","format":"standard","meta":{"footnotes":""},"categories":[24],"tags":[],"class_list":["post-25225","post","type-post","status-publish","format-standard","hentry","category-notestampa"],"_links":{"self":[{"href":"https:\/\/www.esteri.it\/it\/wp-json\/wp\/v2\/posts\/25225","targetHints":{"allow":["GET"]}}],"collection":[{"href":"https:\/\/www.esteri.it\/it\/wp-json\/wp\/v2\/posts"}],"about":[{"href":"https:\/\/www.esteri.it\/it\/wp-json\/wp\/v2\/types\/post"}],"author":[{"embeddable":true,"href":"https:\/\/www.esteri.it\/it\/wp-json\/wp\/v2\/users\/1"}],"replies":[{"embeddable":true,"href":"https:\/\/www.esteri.it\/it\/wp-json\/wp\/v2\/comments?post=25225"}],"version-history":[{"count":0,"href":"https:\/\/www.esteri.it\/it\/wp-json\/wp\/v2\/posts\/25225\/revisions"}],"wp:attachment":[{"href":"https:\/\/www.esteri.it\/it\/wp-json\/wp\/v2\/media?parent=25225"}],"wp:term":[{"taxonomy":"category","embeddable":true,"href":"https:\/\/www.esteri.it\/it\/wp-json\/wp\/v2\/categories?post=25225"},{"taxonomy":"post_tag","embeddable":true,"href":"https:\/\/www.esteri.it\/it\/wp-json\/wp\/v2\/tags?post=25225"}],"curies":[{"name":"wp","href":"https:\/\/api.w.org\/{rel}","templated":true}]}}