{"id":25229,"date":"2019-07-01T12:32:20","date_gmt":"2019-07-01T10:32:20","guid":{"rendered":"https:\/\/www.esteri.it\/sala_stampa\/archivionotizie\/comunicati\/2019\/07\/nota-di-accreditamento-stampa-43-assemblea-plenaria-del-cgie-roma-3-4-5-luglio\/"},"modified":"2019-07-01T12:32:20","modified_gmt":"2019-07-01T10:32:20","slug":"nota-di-accreditamento-stampa-43-assemblea-plenaria-del-cgie-roma-3-4-5-luglio","status":"publish","type":"post","link":"https:\/\/www.esteri.it\/it\/sala_stampa\/archivionotizie\/notestampa\/2019\/07\/nota-di-accreditamento-stampa-43-assemblea-plenaria-del-cgie-roma-3-4-5-luglio\/","title":{"rendered":"AGGIORNAMENTO Nota di accreditamento stampa &#8211; 43^ Assemblea Plenaria del CGIE (Roma 3\/4\/5 luglio)"},"content":{"rendered":"<p><strong>Da<\/strong><strong> mercoled\u00ec 3 a venerd\u00ec 5 luglio 2019<\/strong>, si svolger\u00e0 la <strong>43^<\/strong><strong>Assemblea Plenaria del Consiglio Generale degli Italiani all\u2019Estero (CGIE).<\/strong><\/p>\n<p>\u00a0<\/p>\n<p>I lavori dell\u2019Assemblea saranno interamente aperti alla stampa e si svolgeranno nei seguenti luoghi e orari:<\/p>\n<p>\u00a0<\/p>\n<p><strong>Mercoled\u00ec 3 luglio \u00a0\u00a0\u00a0\u00a0 Farnesina, Sala Conferenze Internazionali ore 10.00 \u2013 18.15 <\/strong><\/p>\n<p><strong>Gioved\u00ec 4 luglio\u00a0 \u00a0 \u00a0 \u00a0 \u00a0 Villa Lubin &#8211; sede del CNEL\u00a0 \u00a0 \u00a0 \u00a0 \u00a0 \u00a0 \u00a0 \u00a0 \u00a0 \u00a0 \u00a0 \u00a0 \u00a0 \u00a0 \u00a0 \u00a0ore 10.15 \u2013 18.15<\/strong><\/p>\n<p><strong>Venerd\u00ec 5 luglio\u00a0\u00a0\u00a0\u00a0\u00a0\u00a0\u00a0\u00a0 Farnesina, Sala Conferenze Internazionali\u00a0 ore 09.30 \u2013 17.00<\/strong><\/p>\n<p><strong>\u00a0<\/strong><\/p>\n<p>Si segnala, in particolare, l\u2019apertura dei lavori dell\u2019Assemblea da parte del Ministro degli Affari Esteri e della Cooperazione Internazionale, <strong>Enzo Moavero Milanesi<\/strong>,<strong> mercoled\u00ec 3 luglio alle ore 10.00.<\/strong><\/p>\n<p><strong>\u00a0<\/strong><\/p>\n<p>I giornalisti e i cine-foto-operatori interessati a seguire l\u2019evento sono pregati di accreditarsi secondo una delle seguenti modalit\u00e0:<\/p>\n<ul>\n<li>\u00a0\u00a0\u00a0\u00a0\u00a0 <strong>ONLINE<\/strong> al link <a href=\"https:\/\/portaleaccreditamento.esteri.it\">https:\/\/portaleaccreditamento.esteri.it<\/a>, al quale dovr\u00e0 essere allegata la documentazione digitale richiesta (lettera della testata di appartenenza e per i rappresentanti degli organi di stampa stranieri anche Nota Verbale dell\u2019Ambasciata a Roma del Paese dell\u2019organo di stampa rappresentato)<\/li>\n<\/ul>\n<ul>\n<li>\u00a0\u00a0\u00a0\u00a0\u00a0 <strong>VIA E-MAIL<\/strong> all\u2019indirizzo <a href=\"mailto:accreditamentostampa@esteri.it\">accreditamentostampa@esteri.it<\/a>, (tel. 06\/3691.3432\u2013 06\/3691.8573) allegando la documentazione sopraindicata.<strong><\/strong><\/li>\n<\/ul>\n<p><strong>\u00a0<\/strong><\/p>\n<p>I giornalisti ed i cine-foto-operatori accreditati potranno accedere nei luoghi previsti con le seguenti modalit\u00e0:<\/p>\n<p><strong>Mercoled\u00ec 3 luglio\u00a0\u00a0\u00a0\u00a0 Farnesina<\/strong>, dall\u2019ingresso principale, lato destro (Sala Vip), <strong>dalle ore 9.30<\/strong><\/p>\n<p><strong>Gioved\u00ec 4 luglio\u00a0 \u00a0 \u00a0 \u00a0 \u00a0<strong>Villa Lubin &#8211; sede del CNEL <\/strong>\u2013 <\/strong>viale Davide Lubin, 2,<strong>\u00a0 \u00a0 \u00a0 \u00a0 \u00a0 \u00a0\u00a0<strong>dalle ore 9.45<\/strong><\/strong><\/p>\n<p><strong>Venerd\u00ec 5 luglio<\/strong>\u00a0\u00a0\u00a0\u00a0\u00a0\u00a0\u00a0\u00a0 <strong>Farnesina<\/strong>, dall\u2019ingresso principale, lato destro (Sala Vip), <strong>dalle ore 9.00<\/strong><\/p>\n<p align=\"center\"><strong>\u00a0<\/strong><\/p>\n<p>\u00a0<\/p>\n","protected":false},"excerpt":{"rendered":"Da mercoled\u00ec 3 a venerd\u00ec 5 luglio 2019, si svolger\u00e0 la 43^Assemblea Plenaria del Consiglio Generale degli Italiani all\u2019Estero (CGIE). \u00a0 I lavori dell\u2019Assemblea saranno interamente aperti alla stampa e si svolgeranno nei seguenti luoghi e orari: \u00a0 Mercoled\u00ec 3 luglio \u00a0\u00a0\u00a0\u00a0 Farnesina, Sala Conferenze Internazionali ore 10.00 \u2013 18.15 Gioved\u00ec 4 luglio\u00a0 \u00a0 \u00a0 [&hellip;]","protected":false},"author":1,"featured_media":0,"comment_status":"","ping_status":"","sticky":false,"template":"","format":"standard","meta":{"footnotes":""},"categories":[24],"tags":[],"class_list":["post-25229","post","type-post","status-publish","format-standard","hentry","category-notestampa"],"_links":{"self":[{"href":"https:\/\/www.esteri.it\/it\/wp-json\/wp\/v2\/posts\/25229","targetHints":{"allow":["GET"]}}],"collection":[{"href":"https:\/\/www.esteri.it\/it\/wp-json\/wp\/v2\/posts"}],"about":[{"href":"https:\/\/www.esteri.it\/it\/wp-json\/wp\/v2\/types\/post"}],"author":[{"embeddable":true,"href":"https:\/\/www.esteri.it\/it\/wp-json\/wp\/v2\/users\/1"}],"replies":[{"embeddable":true,"href":"https:\/\/www.esteri.it\/it\/wp-json\/wp\/v2\/comments?post=25229"}],"version-history":[{"count":0,"href":"https:\/\/www.esteri.it\/it\/wp-json\/wp\/v2\/posts\/25229\/revisions"}],"wp:attachment":[{"href":"https:\/\/www.esteri.it\/it\/wp-json\/wp\/v2\/media?parent=25229"}],"wp:term":[{"taxonomy":"category","embeddable":true,"href":"https:\/\/www.esteri.it\/it\/wp-json\/wp\/v2\/categories?post=25229"},{"taxonomy":"post_tag","embeddable":true,"href":"https:\/\/www.esteri.it\/it\/wp-json\/wp\/v2\/tags?post=25229"}],"curies":[{"name":"wp","href":"https:\/\/api.w.org\/{rel}","templated":true}]}}